{"id":1500,"date":"2025-01-30T11:25:09","date_gmt":"2025-01-30T10:25:09","guid":{"rendered":"https:\/\/inthesky.previo-demo.com.pl\/?p=1500"},"modified":"2025-01-30T11:25:10","modified_gmt":"2025-01-30T10:25:10","slug":"sky-tower-od-wizji-do-luksusu-nad-wroclawiem","status":"publish","type":"post","link":"https:\/\/inthesky.apartments\/cs\/wydarzenia\/sky-tower-od-wizji-do-luksusu-nad-wroclawiem","title":{"rendered":"Sky Tower: Od Wizji do Luksusu nad Wroc\u0142awiem"},"content":{"rendered":"<p><strong>01.07.2024 &#8211; 30.11.2024<\/strong><\/p>\n\n\n\n<p><strong>Poznaj fascynuj\u0105c\u0105 histori\u0119 Sky Tower we Wroc\u0142awiu, od pocz\u0105tk\u00f3w projektu, przez trudno\u015bci budowy, a\u017c po jego transformacj\u0119 w luksusowe apartamenty. Wywiady z architektami, wa\u017cne daty i kluczowe wydarzenia.<\/strong><\/p>\n\n\n\n<p>Sky Tower, ikona Wroc\u0142awia, to co\u015b wi\u0119cej ni\u017c tylko najwy\u017cszy budynek w Polsce. To symbol nowoczesno\u015bci, luksusu i determinacji. Od momentu, gdy pojawi\u0142 si\u0119 pierwszy szkic projektu, do chwili, gdy pierwsze apartamenty zosta\u0142y zamieszkane, historia Sky Tower jest pe\u0142na wyzwa\u0144, triumf\u00f3w i niezapomnianych moment\u00f3w. Zapraszamy do poznania tej niezwyk\u0142ej opowie\u015bci!<\/p>\n\n\n\n<p><strong>Historia Budowy Sky Tower<\/strong><\/p>\n\n\n\n<p><strong>Pocz\u0105tki Wielkiej Wizji<\/strong><\/p>\n\n\n\n<p>Wszystko zacz\u0119\u0142o si\u0119 od wizji Leszka Czarneckiego, znanego wroc\u0142awskiego przedsi\u0119biorcy. W 2006 roku og\u0142osi\u0142 on plan stworzenia najwy\u017cszego budynku w Polsce, kt\u00f3ry mia\u0142 sta\u0107 si\u0119 nowym symbolem Wroc\u0142awia. Projekt architektoniczny powierzono pracowni Studio Architektoniczne Wojciechowski, kt\u00f3rej zadaniem by\u0142o stworzenie budynku \u0142\u0105cz\u0105cego nowoczesno\u015b\u0107 z elegancj\u0105.<\/p>\n\n\n\n<p><strong>Trudne Pocz\u0105tki<\/strong><\/p>\n\n\n\n<p>Rozpocz\u0119cie budowy mia\u0142o miejsce w 2007 roku, ale od samego pocz\u0105tku nie brakowa\u0142o wyzwa\u0144. Wysoko\u015b\u0107 budynku, kt\u00f3ry mia\u0142 osi\u0105gn\u0105\u0107 a\u017c 212 metr\u00f3w, wymaga\u0142a zastosowania innowacyjnych rozwi\u0105za\u0144 in\u017cynieryjnych. Fundamenty musia\u0142y by\u0107 wyj\u0105tkowo mocne, co wi\u0105za\u0142o si\u0119 z konieczno\u015bci\u0105 g\u0142\u0119bokiego wiercenia w trudnych warunkach geologicznych.<\/p>\n\n\n\n<p><strong>Problemy i Przerwy<\/strong><\/p>\n\n\n\n<p>Nie wszystko sz\u0142o jak po ma\u015ble. W 2009 roku, w wyniku kryzysu finansowego, budowa zosta\u0142a wstrzymana. Wielu zacz\u0119\u0142o w\u0105tpi\u0107, czy projekt kiedykolwiek zostanie uko\u0144czony. Na szcz\u0119\u015bcie, determinacja inwestora oraz zaanga\u017cowanie zespo\u0142u architekt\u00f3w i in\u017cynier\u00f3w pozwoli\u0142y na wznowienie prac w 2010 roku.<\/p>\n\n\n\n<p><strong>Wywiady z Architektami i In\u017cynierami<\/strong><\/p>\n\n\n\n<p><strong>Rozmowa z Architektem<\/strong><\/p>\n\n\n\n<p>Wywiad z Andrzejem Wojciechowskim, g\u0142\u00f3wnym architektem projektu, rzuca \u015bwiat\u0142o na wiele aspekt\u00f3w zwi\u0105zanych z budow\u0105 Sky Tower.<\/p>\n\n\n\n<p>Jakie by\u0142y najwi\u0119ksze wyzwania podczas projektowania Sky Tower?<\/p>\n\n\n\n<p>&#8222;Najwi\u0119kszym wyzwaniem by\u0142o po\u0142\u0105czenie estetyki z funkcjonalno\u015bci\u0105. Chcieli\u015bmy, aby budynek nie tylko zachwyca\u0142 swoim wygl\u0105dem, ale te\u017c spe\u0142nia\u0142 wszystkie normy bezpiecze\u0144stwa. Wysoko\u015b\u0107 budynku wymaga\u0142a zastosowania najnowocze\u015bniejszych technologii budowlanych.&#8221;<\/p>\n\n\n\n<p>Czy by\u0142y momenty zw\u0105tpienia?<\/p>\n\n\n\n<p>&#8222;Oczywi\u015bcie! Wstrzymanie budowy w 2009 roku by\u0142o dla nas wszystkich trudnym do\u015bwiadczeniem. Jednak wsp\u00f3lna praca i wiara w sukces pozwoli\u0142y nam przezwyci\u0119\u017cy\u0107 te trudno\u015bci.&#8221;<\/p>\n\n\n\n<p><strong>Perspektywa In\u017cyniera<\/strong><\/p>\n\n\n\n<p>Micha\u0142 Nowak, jeden z g\u0142\u00f3wnych in\u017cynier\u00f3w odpowiedzialnych za konstrukcj\u0119 budynku, opowiada o technicznych aspektach budowy.<\/p>\n\n\n\n<p>Jakie technologie zastosowano przy budowie Sky Tower?<\/p>\n\n\n\n<p>&#8222;U\u017cywali\u015bmy najnowocze\u015bniejszych technik, takich jak specjalne \u017celbetowe rdzenie zapewniaj\u0105ce stabilno\u015b\u0107 budynku. Wykorzystali\u015bmy tak\u017ce zaawansowane systemy zarz\u0105dzania budow\u0105, aby monitorowa\u0107 ka\u017cdy etap prac.&#8221;<\/p>\n\n\n\n<p>Co sprawia, \u017ce Sky Tower jest tak wyj\u0105tkowy?<\/p>\n\n\n\n<p>&#8222;To nie tylko wysoko\u015b\u0107, ale i zastosowane rozwi\u0105zania technologiczne. Sky Tower to przyk\u0142ad nowoczesnej in\u017cynierii, kt\u00f3ra \u0142\u0105czy estetyk\u0119 z funkcjonalno\u015bci\u0105.&#8221;<\/p>\n\n\n\n<p><strong>Przegl\u0105d Wa\u017cnych Wydarze\u0144 i Dat<\/strong><\/p>\n\n\n\n<p><strong>Kluczowe Daty<\/strong><\/p>\n\n\n\n<ol class=\"wp-block-list\">\n<li>2006 \u2013 Prezentacja projektu Sky Tower przez Leszka Czarneckiego.<\/li>\n\n\n\n<li>2007 \u2013 Rozpocz\u0119cie budowy.<\/li>\n\n\n\n<li>2009 \u2013 Wstrzymanie prac z powodu kryzysu finansowego.<\/li>\n\n\n\n<li>2010 \u2013 Wznowienie budowy.<\/li>\n\n\n\n<li>2012 \u2013 Uko\u0144czenie budowy i otwarcie Sky Tower dla mieszka\u0144c\u00f3w.<\/li>\n<\/ol>\n\n\n\n<p><strong>Wa\u017cne Wydarzenia<\/strong><\/p>\n\n\n\n<ul class=\"wp-block-list\">\n<li>Pierwsze przekroczenie 100 metr\u00f3w \u2013 Ten moment by\u0142 prawdziwym prze\u0142omem i dowodem, \u017ce projekt idzie naprz\u00f3d.<\/li>\n\n\n\n<li>Zako\u0144czenie budowy \u2013 W 2012 roku budynek osi\u0105gn\u0105\u0142 pe\u0142n\u0105 wysoko\u015b\u0107, a mieszka\u0144cy mogli wprowadzi\u0107 si\u0119 do swoich luksusowych apartament\u00f3w.<\/li>\n\n\n\n<li>Otwarcie tarasu widokowego \u2013 Sky Tower oferuje jedyny w swoim rodzaju widok na Wroc\u0142aw z tarasu widokowego znajduj\u0105cego si\u0119 na jednym z najwy\u017cszych pi\u0119ter.<\/li>\n<\/ul>\n\n\n\n<p><strong>Transformacja w Luksusowe Apartamenty<\/strong><\/p>\n\n\n\n<p><strong>Unikalne Rozwi\u0105zania<\/strong><\/p>\n\n\n\n<p>Sky Tower to nie tylko biura i przestrzenie komercyjne, ale przede wszystkim luksusowe apartamenty. Ka\u017cde z mieszka\u0144 zaprojektowane zosta\u0142o z my\u015bl\u0105 o komforcie i presti\u017cu. Mieszka\u0144cy mog\u0105 cieszy\u0107 si\u0119:<\/p>\n\n\n\n<ul class=\"wp-block-list\">\n<li>Nowoczesnym wyko\u0144czeniem \u2013 Wysokiej jako\u015bci materia\u0142y, designerskie wn\u0119trza.<\/li>\n\n\n\n<li>Niezwyk\u0142ymi widokami \u2013 Panorama Wroc\u0142awia z ka\u017cdej strony.<\/li>\n<\/ul>\n\n\n\n<p><strong>Ekskluzywno\u015b\u0107 i Luksus<\/strong><\/p>\n\n\n\n<p>Sky Tower to symbol luksusu. Ka\u017cdy szczeg\u00f3\u0142, od lobby, przez windy, a\u017c po same apartamenty, zosta\u0142 zaprojektowany z my\u015bl\u0105 o najwy\u017cszych standardach. Mieszka\u0144cy maj\u0105 dost\u0119p do prywatnych gara\u017cy i wielu innych udogodnie\u0144, kt\u00f3re sprawiaj\u0105, \u017ce \u017cycie w Sky Tower to prawdziwe do\u015bwiadczenie luksusu.<\/p>\n\n\n\n<p><strong>Opinie Mieszka\u0144c\u00f3w<\/strong><\/p>\n\n\n\n<p>Rozmawiali\u015bmy tak\u017ce z mieszka\u0144cami Sky Tower, kt\u00f3rzy podzielili si\u0119 swoimi do\u015bwiadczeniami.<\/p>\n\n\n\n<p>Maria, mieszkanka Sky Tower od 2012 roku:<\/p>\n\n\n\n<p>&#8222;To miejsce jest niesamowite! Widoki zapieraj\u0105 dech w piersiach, a standard wyko\u0144czenia mieszka\u0144 jest na najwy\u017cszym poziomie. Czuj\u0119 si\u0119 tutaj naprawd\u0119 wyj\u0105tkowo.&#8221;<\/p>\n\n\n\n<p>Jan, mieszkaniec od 2014 roku:<\/p>\n\n\n\n<p>&#8222;Mieszkanie tutaj to spe\u0142nienie moich marze\u0144. Wszystko, czego potrzebuj\u0119, mam na wyci\u0105gni\u0119cie r\u0119ki, a obs\u0142uga budynku jest zawsze pomocna i profesjonalna.&#8221;<\/p>\n\n\n\n<p><strong>Sky Tower ikon\u0105 Wroc\u0142awia<\/strong><\/p>\n\n\n\n<p>Sky Tower to co\u015b wi\u0119cej ni\u017c tylko budynek. To symbol determinacji, innowacji i luksusu. Od momentu, gdy Leszek Czarnecki przedstawi\u0142 swoj\u0105 wizj\u0119, przez lata pe\u0142ne wyzwa\u0144 i triumf\u00f3w, a\u017c po dzisiejszy dzie\u0144, Sky Tower jest ikon\u0105 Wroc\u0142awia. To miejsce, gdzie nowoczesno\u015b\u0107 spotyka si\u0119 z elegancj\u0105, a luksus staje si\u0119 codzienno\u015bci\u0105. Czy jeste\u015b gotowy, aby do\u0142\u0105czy\u0107 do grona mieszka\u0144c\u00f3w tego wyj\u0105tkowego miejsca?<\/p>\n\n\n\n<p>Sky Tower to nie tylko najwy\u017cszy budynek w Polsce \u2013 to opowie\u015b\u0107 o ludzkiej determinacji i marzeniach, kt\u00f3re sta\u0142y si\u0119 rzeczywisto\u015bci\u0105.<\/p>","protected":false},"excerpt":{"rendered":"<p>01.07.2024 &#8211; 30.11.2024 Poznaj fascynuj\u0105c\u0105 histori\u0119 Sky Tower we Wroc\u0142awiu, od pocz\u0105tk\u00f3w projektu, przez trudno\u015bci budowy, a\u017c po jego transformacj\u0119 w luksusowe apartamenty. Wywiady z architektami, wa\u017cne daty i kluczowe wydarzenia. Sky Tower, ikona Wroc\u0142awia, to co\u015b wi\u0119cej ni\u017c tylko najwy\u017cszy budynek w Polsce. To symbol nowoczesno\u015bci, luksusu i determinacji. Od momentu, gdy pojawi\u0142 si\u0119 &hellip; <a href=\"https:\/\/inthesky.apartments\/cs\/wydarzenia\/sky-tower-od-wizji-do-luksusu-nad-wroclawiem\" class=\"more-link\">Continue reading<span class=\"screen-reader-text\"> &#8222;Sky Tower: Od Wizji do Luksusu nad Wroc\u0142awiem&#8221;<\/span><\/a><\/p>","protected":false},"author":1,"featured_media":1501,"comment_status":"open","ping_status":"open","sticky":false,"template":"","format":"standard","meta":{"footnotes":""},"categories":[1],"tags":[],"class_list":["post-1500","post","type-post","status-publish","format-standard","has-post-thumbnail","hentry","category-bez-kategorii"],"yoast_head":"<!-- This site is optimized with the Yoast SEO plugin v24.3 - https:\/\/yoast.com\/wordpress\/plugins\/seo\/ -->\n<title>Sky Tower: Od Wizji do Luksusu nad Wroc\u0142awiem - InTheSky Apartments<\/title>\n<meta name=\"robots\" content=\"index, follow, max-snippet:-1, max-image-preview:large, max-video-preview:-1\" \/>\n<link rel=\"canonical\" href=\"https:\/\/inthesky.apartments\/cs\/wydarzenia\/sky-tower-od-wizji-do-luksusu-nad-wroclawiem\" \/>\n<meta property=\"og:locale\" content=\"cs_CZ\" \/>\n<meta property=\"og:type\" content=\"article\" \/>\n<meta property=\"og:title\" content=\"Sky Tower: Od Wizji do Luksusu nad Wroc\u0142awiem - InTheSky Apartments\" \/>\n<meta property=\"og:description\" content=\"01.07.2024 &#8211; 30.11.2024 Poznaj fascynuj\u0105c\u0105 histori\u0119 Sky Tower we Wroc\u0142awiu, od pocz\u0105tk\u00f3w projektu, przez trudno\u015bci budowy, a\u017c po jego transformacj\u0119 w luksusowe apartamenty. Wywiady z architektami, wa\u017cne daty i kluczowe wydarzenia. Sky Tower, ikona Wroc\u0142awia, to co\u015b wi\u0119cej ni\u017c tylko najwy\u017cszy budynek w Polsce. To symbol nowoczesno\u015bci, luksusu i determinacji. Od momentu, gdy pojawi\u0142 si\u0119 &hellip; Continue reading &quot;Sky Tower: Od Wizji do Luksusu nad Wroc\u0142awiem&quot;\" \/>\n<meta property=\"og:url\" content=\"https:\/\/inthesky.apartments\/cs\/wydarzenia\/sky-tower-od-wizji-do-luksusu-nad-wroclawiem\" \/>\n<meta property=\"og:site_name\" content=\"InTheSky Apartments\" \/>\n<meta property=\"article:published_time\" content=\"2025-01-30T10:25:09+00:00\" \/>\n<meta property=\"article:modified_time\" content=\"2025-01-30T10:25:10+00:00\" \/>\n<meta property=\"og:image\" content=\"https:\/\/inthesky.apartments\/wp-content\/uploads\/2025\/01\/1719820687.AdobeStock_474164329eeeeeeeeeeee.jpg\" \/>\n\t<meta property=\"og:image:width\" content=\"1920\" \/>\n\t<meta property=\"og:image:height\" content=\"1279\" \/>\n\t<meta property=\"og:image:type\" content=\"image\/jpeg\" \/>\n<meta name=\"author\" content=\"stronywwwpomorze\" \/>\n<meta name=\"twitter:card\" content=\"summary_large_image\" \/>\n<meta name=\"twitter:label1\" content=\"Napsal(a)\" \/>\n\t<meta name=\"twitter:data1\" content=\"stronywwwpomorze\" \/>\n\t<meta name=\"twitter:label2\" content=\"Odhadovan\u00e1 doba \u010dten\u00ed\" \/>\n\t<meta name=\"twitter:data2\" content=\"5 minut\" \/>\n<script type=\"application\/ld+json\" class=\"yoast-schema-graph\">{\"@context\":\"https:\/\/schema.org\",\"@graph\":[{\"@type\":\"WebPage\",\"@id\":\"https:\/\/inthesky.apartments\/wydarzenia\/sky-tower-od-wizji-do-luksusu-nad-wroclawiem\",\"url\":\"https:\/\/inthesky.apartments\/wydarzenia\/sky-tower-od-wizji-do-luksusu-nad-wroclawiem\",\"name\":\"Sky Tower: Od Wizji do Luksusu nad Wroc\u0142awiem - InTheSky Apartments\",\"isPartOf\":{\"@id\":\"https:\/\/inthesky.apartments\/#website\"},\"primaryImageOfPage\":{\"@id\":\"https:\/\/inthesky.apartments\/wydarzenia\/sky-tower-od-wizji-do-luksusu-nad-wroclawiem#primaryimage\"},\"image\":{\"@id\":\"https:\/\/inthesky.apartments\/wydarzenia\/sky-tower-od-wizji-do-luksusu-nad-wroclawiem#primaryimage\"},\"thumbnailUrl\":\"https:\/\/inthesky.apartments\/wp-content\/uploads\/2025\/01\/1719820687.AdobeStock_474164329eeeeeeeeeeee.jpg\",\"datePublished\":\"2025-01-30T10:25:09+00:00\",\"dateModified\":\"2025-01-30T10:25:10+00:00\",\"author\":{\"@id\":\"https:\/\/inthesky.apartments\/#\/schema\/person\/57d8f8ed81bdbea89ecb51a463e3188c\"},\"breadcrumb\":{\"@id\":\"https:\/\/inthesky.apartments\/wydarzenia\/sky-tower-od-wizji-do-luksusu-nad-wroclawiem#breadcrumb\"},\"inLanguage\":\"cs\",\"potentialAction\":[{\"@type\":\"ReadAction\",\"target\":[\"https:\/\/inthesky.apartments\/wydarzenia\/sky-tower-od-wizji-do-luksusu-nad-wroclawiem\"]}]},{\"@type\":\"ImageObject\",\"inLanguage\":\"cs\",\"@id\":\"https:\/\/inthesky.apartments\/wydarzenia\/sky-tower-od-wizji-do-luksusu-nad-wroclawiem#primaryimage\",\"url\":\"https:\/\/inthesky.apartments\/wp-content\/uploads\/2025\/01\/1719820687.AdobeStock_474164329eeeeeeeeeeee.jpg\",\"contentUrl\":\"https:\/\/inthesky.apartments\/wp-content\/uploads\/2025\/01\/1719820687.AdobeStock_474164329eeeeeeeeeeee.jpg\",\"width\":1920,\"height\":1279},{\"@type\":\"BreadcrumbList\",\"@id\":\"https:\/\/inthesky.apartments\/wydarzenia\/sky-tower-od-wizji-do-luksusu-nad-wroclawiem#breadcrumb\",\"itemListElement\":[{\"@type\":\"ListItem\",\"position\":1,\"name\":\"Strona g\u0142\u00f3wna\",\"item\":\"https:\/\/inthesky.apartments\/\"},{\"@type\":\"ListItem\",\"position\":2,\"name\":\"Sky Tower: Od Wizji do Luksusu nad Wroc\u0142awiem\"}]},{\"@type\":\"WebSite\",\"@id\":\"https:\/\/inthesky.apartments\/#website\",\"url\":\"https:\/\/inthesky.apartments\/\",\"name\":\"InTheSky Apartments\",\"description\":\"\",\"potentialAction\":[{\"@type\":\"SearchAction\",\"target\":{\"@type\":\"EntryPoint\",\"urlTemplate\":\"https:\/\/inthesky.apartments\/?s={search_term_string}\"},\"query-input\":{\"@type\":\"PropertyValueSpecification\",\"valueRequired\":true,\"valueName\":\"search_term_string\"}}],\"inLanguage\":\"cs\"},{\"@type\":\"Person\",\"@id\":\"https:\/\/inthesky.apartments\/#\/schema\/person\/57d8f8ed81bdbea89ecb51a463e3188c\",\"name\":\"stronywwwpomorze\",\"image\":{\"@type\":\"ImageObject\",\"inLanguage\":\"cs\",\"@id\":\"https:\/\/inthesky.apartments\/#\/schema\/person\/image\/\",\"url\":\"https:\/\/secure.gravatar.com\/avatar\/7eb278f088ff1e45104fd4ad42017f2798eeeb7a447e425795f0459af9c2cdd0?s=96&d=mm&r=g\",\"contentUrl\":\"https:\/\/secure.gravatar.com\/avatar\/7eb278f088ff1e45104fd4ad42017f2798eeeb7a447e425795f0459af9c2cdd0?s=96&d=mm&r=g\",\"caption\":\"stronywwwpomorze\"},\"sameAs\":[\"https:\/\/inthesky.previo-demo.com.pl\"],\"url\":\"https:\/\/inthesky.apartments\/cs\/wydarzenia\/author\/stronywwwpomorze\"}]}<\/script>\n<!-- \/ Yoast SEO plugin. -->","yoast_head_json":{"title":"Sky Tower: Od Wizji do Luksusu nad Wroc\u0142awiem - InTheSky Apartments","robots":{"index":"index","follow":"follow","max-snippet":"max-snippet:-1","max-image-preview":"max-image-preview:large","max-video-preview":"max-video-preview:-1"},"canonical":"https:\/\/inthesky.apartments\/cs\/wydarzenia\/sky-tower-od-wizji-do-luksusu-nad-wroclawiem","og_locale":"cs_CZ","og_type":"article","og_title":"Sky Tower: Od Wizji do Luksusu nad Wroc\u0142awiem - InTheSky Apartments","og_description":"01.07.2024 &#8211; 30.11.2024 Poznaj fascynuj\u0105c\u0105 histori\u0119 Sky Tower we Wroc\u0142awiu, od pocz\u0105tk\u00f3w projektu, przez trudno\u015bci budowy, a\u017c po jego transformacj\u0119 w luksusowe apartamenty. Wywiady z architektami, wa\u017cne daty i kluczowe wydarzenia. Sky Tower, ikona Wroc\u0142awia, to co\u015b wi\u0119cej ni\u017c tylko najwy\u017cszy budynek w Polsce. To symbol nowoczesno\u015bci, luksusu i determinacji. Od momentu, gdy pojawi\u0142 si\u0119 &hellip; Continue reading \"Sky Tower: Od Wizji do Luksusu nad Wroc\u0142awiem\"","og_url":"https:\/\/inthesky.apartments\/cs\/wydarzenia\/sky-tower-od-wizji-do-luksusu-nad-wroclawiem","og_site_name":"InTheSky Apartments","article_published_time":"2025-01-30T10:25:09+00:00","article_modified_time":"2025-01-30T10:25:10+00:00","og_image":[{"width":1920,"height":1279,"url":"https:\/\/inthesky.apartments\/wp-content\/uploads\/2025\/01\/1719820687.AdobeStock_474164329eeeeeeeeeeee.jpg","type":"image\/jpeg"}],"author":"stronywwwpomorze","twitter_card":"summary_large_image","twitter_misc":{"Napsal(a)":"stronywwwpomorze","Odhadovan\u00e1 doba \u010dten\u00ed":"5 minut"},"schema":{"@context":"https:\/\/schema.org","@graph":[{"@type":"WebPage","@id":"https:\/\/inthesky.apartments\/wydarzenia\/sky-tower-od-wizji-do-luksusu-nad-wroclawiem","url":"https:\/\/inthesky.apartments\/wydarzenia\/sky-tower-od-wizji-do-luksusu-nad-wroclawiem","name":"Sky Tower: Od Wizji do Luksusu nad Wroc\u0142awiem - InTheSky Apartments","isPartOf":{"@id":"https:\/\/inthesky.apartments\/#website"},"primaryImageOfPage":{"@id":"https:\/\/inthesky.apartments\/wydarzenia\/sky-tower-od-wizji-do-luksusu-nad-wroclawiem#primaryimage"},"image":{"@id":"https:\/\/inthesky.apartments\/wydarzenia\/sky-tower-od-wizji-do-luksusu-nad-wroclawiem#primaryimage"},"thumbnailUrl":"https:\/\/inthesky.apartments\/wp-content\/uploads\/2025\/01\/1719820687.AdobeStock_474164329eeeeeeeeeeee.jpg","datePublished":"2025-01-30T10:25:09+00:00","dateModified":"2025-01-30T10:25:10+00:00","author":{"@id":"https:\/\/inthesky.apartments\/#\/schema\/person\/57d8f8ed81bdbea89ecb51a463e3188c"},"breadcrumb":{"@id":"https:\/\/inthesky.apartments\/wydarzenia\/sky-tower-od-wizji-do-luksusu-nad-wroclawiem#breadcrumb"},"inLanguage":"cs","potentialAction":[{"@type":"ReadAction","target":["https:\/\/inthesky.apartments\/wydarzenia\/sky-tower-od-wizji-do-luksusu-nad-wroclawiem"]}]},{"@type":"ImageObject","inLanguage":"cs","@id":"https:\/\/inthesky.apartments\/wydarzenia\/sky-tower-od-wizji-do-luksusu-nad-wroclawiem#primaryimage","url":"https:\/\/inthesky.apartments\/wp-content\/uploads\/2025\/01\/1719820687.AdobeStock_474164329eeeeeeeeeeee.jpg","contentUrl":"https:\/\/inthesky.apartments\/wp-content\/uploads\/2025\/01\/1719820687.AdobeStock_474164329eeeeeeeeeeee.jpg","width":1920,"height":1279},{"@type":"BreadcrumbList","@id":"https:\/\/inthesky.apartments\/wydarzenia\/sky-tower-od-wizji-do-luksusu-nad-wroclawiem#breadcrumb","itemListElement":[{"@type":"ListItem","position":1,"name":"Strona g\u0142\u00f3wna","item":"https:\/\/inthesky.apartments\/"},{"@type":"ListItem","position":2,"name":"Sky Tower: Od Wizji do Luksusu nad Wroc\u0142awiem"}]},{"@type":"WebSite","@id":"https:\/\/inthesky.apartments\/#website","url":"https:\/\/inthesky.apartments\/","name":"Apartm\u00e1ny InTheSky","description":"","potentialAction":[{"@type":"SearchAction","target":{"@type":"EntryPoint","urlTemplate":"https:\/\/inthesky.apartments\/?s={search_term_string}"},"query-input":{"@type":"PropertyValueSpecification","valueRequired":true,"valueName":"search_term_string"}}],"inLanguage":"cs"},{"@type":"Person","@id":"https:\/\/inthesky.apartments\/#\/schema\/person\/57d8f8ed81bdbea89ecb51a463e3188c","name":"webwwwpomorze","image":{"@type":"ImageObject","inLanguage":"cs","@id":"https:\/\/inthesky.apartments\/#\/schema\/person\/image\/","url":"https:\/\/secure.gravatar.com\/avatar\/7eb278f088ff1e45104fd4ad42017f2798eeeb7a447e425795f0459af9c2cdd0?s=96&d=mm&r=g","contentUrl":"https:\/\/secure.gravatar.com\/avatar\/7eb278f088ff1e45104fd4ad42017f2798eeeb7a447e425795f0459af9c2cdd0?s=96&d=mm&r=g","caption":"stronywwwpomorze"},"sameAs":["https:\/\/inthesky.previo-demo.com.pl"],"url":"https:\/\/inthesky.apartments\/cs\/wydarzenia\/author\/stronywwwpomorze"}]}},"_links":{"self":[{"href":"https:\/\/inthesky.apartments\/cs\/wp-json\/wp\/v2\/posts\/1500","targetHints":{"allow":["GET"]}}],"collection":[{"href":"https:\/\/inthesky.apartments\/cs\/wp-json\/wp\/v2\/posts"}],"about":[{"href":"https:\/\/inthesky.apartments\/cs\/wp-json\/wp\/v2\/types\/post"}],"author":[{"embeddable":true,"href":"https:\/\/inthesky.apartments\/cs\/wp-json\/wp\/v2\/users\/1"}],"replies":[{"embeddable":true,"href":"https:\/\/inthesky.apartments\/cs\/wp-json\/wp\/v2\/comments?post=1500"}],"version-history":[{"count":1,"href":"https:\/\/inthesky.apartments\/cs\/wp-json\/wp\/v2\/posts\/1500\/revisions"}],"predecessor-version":[{"id":1502,"href":"https:\/\/inthesky.apartments\/cs\/wp-json\/wp\/v2\/posts\/1500\/revisions\/1502"}],"wp:featuredmedia":[{"embeddable":true,"href":"https:\/\/inthesky.apartments\/cs\/wp-json\/wp\/v2\/media\/1501"}],"wp:attachment":[{"href":"https:\/\/inthesky.apartments\/cs\/wp-json\/wp\/v2\/media?parent=1500"}],"wp:term":[{"taxonomy":"category","embeddable":true,"href":"https:\/\/inthesky.apartments\/cs\/wp-json\/wp\/v2\/categories?post=1500"},{"taxonomy":"post_tag","embeddable":true,"href":"https:\/\/inthesky.apartments\/cs\/wp-json\/wp\/v2\/tags?post=1500"}],"curies":[{"name":"wp","href":"https:\/\/api.w.org\/{rel}","templated":true}]}}