{"id":1557,"date":"2025-01-30T13:48:45","date_gmt":"2025-01-30T12:48:45","guid":{"rendered":"https:\/\/inthesky.previo-demo.com.pl\/?p=1557"},"modified":"2025-01-30T13:48:45","modified_gmt":"2025-01-30T12:48:45","slug":"wroclaw-miasto-jazzu-i-kultury-odkrywanie-muzycznej-sceny","status":"publish","type":"post","link":"https:\/\/inthesky.apartments\/cs\/wydarzenia\/wroclaw-miasto-jazzu-i-kultury-odkrywanie-muzycznej-sceny","title":{"rendered":"Wroc\u0142aw &#8211; miasto jazzu i kultury: Odkrywanie muzycznej sceny"},"content":{"rendered":"<p><strong>20.11.2023 &#8211; 23.11.2023<\/strong><\/p>\n\n\n\n<p><strong>Wroc\u0142aw &#8211; stolica polskiego jazzu<\/strong><\/p>\n\n\n\n<p>Wroc\u0142aw od dawna jest uwa\u017cany za wa\u017cne centrum jazzu w Polsce. Miasto go\u015bci wiele festiwali jazzowych, cykle koncert\u00f3w i inne wydarzenia muzyczne, kt\u00f3re przyci\u0105gaj\u0105 zar\u00f3wno miejscowych mieszka\u0144c\u00f3w, jak i turyst\u00f3w z ca\u0142ego kraju i zagranicy. Wroc\u0142aw jest dumny ze swojego muzycznego dziedzictwa i promuje jazz jako styl \u017cycia i form\u0119 sztuki, kt\u00f3ra \u0142\u0105czy r\u00f3\u017cne grupy spo\u0142eczne i kultury.<\/p>\n\n\n\n<p><strong>Jazztopad festival<\/strong><\/p>\n\n\n\n<p>Jazztopad Festival to wydarzenie muzyczne obchodz\u0105ce swoj\u0105 jesieni\u0105 w sercu Dolnego \u015al\u0105ska, we Wroc\u0142awiu. Jest to festiwal, kt\u00f3ry obchodzi tradycj\u0119 i innowacj\u0119 jazzu, przyci\u0105gaj\u0105c nie tylko lokaln\u0105, ale tak\u017ce mi\u0119dzynarodow\u0105 publiczno\u015b\u0107<\/p>\n\n\n\n<p>Jazztopad odbywa si\u0119 w Narodowym Forum Muzyki (NFM), kt\u00f3re jest wsp\u00f3\u0142organizatorem wydarzenia i miejsce to stwarza doskona\u0142e ramy dla tej wyj\u0105tkowej imprezy. Opr\u00f3cz koncert\u00f3w znanych muzyk\u00f3w jazzowych, festiwal oferuje r\u00f3wnie\u017c warsztaty, spotkania z artystami, a nawet specjalne wydarzenia dla dzieci.<\/p>\n\n\n\n<p>Koncerty festiwalu to zar\u00f3wno jazz w formie klasycznej, jak i kontynuuj\u0105ca eksplorowanie kierunk\u00f3w rozwoju muzyki.<\/p>\n\n\n\n<p><strong>Festiwal Jazz nad Odr\u0105<\/strong><\/p>\n\n\n\n<p>Jazz nad Odr\u0105 to jedno z najstarszych i najbardziej presti\u017cowych wydarze\u0144 jazzowych w Polsce. Wroc\u0142aw jest dumny z organizacji tego festiwalu, kt\u00f3ry odbywa si\u0119 ju\u017c od ponad 50 lat. Festiwal przyci\u0105ga najwi\u0119ksze nazwiska polskiej i mi\u0119dzynarodowej sceny jazzowej, a mi\u0142o\u015bnicy muzyki z ca\u0142ego kraju gromadz\u0105 si\u0119, aby cieszy\u0107 si\u0119 niezapomnianymi wyst\u0119pami. To prawdziwe \u015bwi\u0119to dla ka\u017cdego fana jazzu, niezale\u017cnie od wieku czy do\u015bwiadczenia muzycznego.<\/p>\n\n\n\n<p><strong>Vertigo Summer Jazz Festival<\/strong><\/p>\n\n\n\n<p>Vertigo Summer Jazz Festival to kolejne wa\u017cne wydarzenie jazzowe, kt\u00f3re odbywa si\u0119 latem w urokliwym plenerowym amfiteatrze nad Odr\u0105. Festiwal przyci\u0105ga nie tylko mi\u0142o\u015bnik\u00f3w jazzu, ale tak\u017ce turyst\u00f3w zainteresowanych wysokiej jako\u015bci muzyk\u0105 i pi\u0119knem wroc\u0142awskiej scenerii. Koncerty odbywaj\u0105 si\u0119 wieczorami, tworz\u0105c niepowtarzaln\u0105 atmosfer\u0119 i zapewniaj\u0105c niezapomniane wra\u017cenia. To doskona\u0142a okazja, aby usi\u0105\u015b\u0107, odpocz\u0105\u0107 i odda\u0107 si\u0119 magii d\u017awi\u0119k\u00f3w jazzowych.<\/p>\n\n\n\n<p><strong>Inne wydarzenia muzyczne i kulturalne<\/strong><\/p>\n\n\n\n<p>Wroc\u0142aw to jednak nie tylko jazz. Miasto oferuje szerok\u0105 gam\u0119 propozycji muzycznych i kulturalnych dla wszystkich smakoszy sztuki. Koncerty, spektakle teatralne, wystawy sztuki &#8211; to tylko niekt\u00f3re z wielu wydarze\u0144, kt\u00f3re mo\u017cna znale\u017a\u0107 na wroc\u0142awskiej scenie kulturalnej. Bez wzgl\u0119du na preferencje muzyczne czy artystyczne, ka\u017cdy znajdzie co\u015b interesuj\u0105cego dla siebie. Mo\u017cna si\u0119 cieszy\u0107 r\u00f3\u017cnorodno\u015bci\u0105 i bogactwem kultury, kt\u00f3re Wroc\u0142aw ma do zaoferowania.<\/p>\n\n\n\n<p><strong>Lokalne zespo\u0142y muzyczne i kluby jazzowe<\/strong><\/p>\n\n\n\n<p>Wroc\u0142aw to r\u00f3wnie\u017c miejsce, gdzie mo\u017cna odkry\u0107 zdolnych lokalnych muzyk\u00f3w i zespo\u0142y. Kluby jazzowe, takie jak Vertigo, zapewniaj\u0105 niesamowit\u0105 atmosfer\u0119 i okazj\u0119 do pos\u0142uchania jazzu na \u017cywo. Wroc\u0142awski \u015bwiat muzyczny jest pe\u0142en utalentowanych artyst\u00f3w, kt\u00f3rzy tworz\u0105 unikalne i intryguj\u0105ce brzmienia. Niezale\u017cnie od tego, czy jeste\u015b fanem jazzu, rocka czy innego gatunku muzycznego, z pewno\u015bci\u0105 znajdziesz co\u015b dla siebie w klubach muzycznych Wroc\u0142awia.<\/p>\n\n\n\n<p><strong>Podsumowanie<\/strong><\/p>\n\n\n\n<p>Wroc\u0142aw to miasto, w kt\u00f3rym jazz od zawsze jest kojarzony, a kultura i muzyka spotykaj\u0105 si\u0119 w pe\u0142nym harmonii ta\u0144cu d\u017awi\u0119k\u00f3w. Festiwale jazzowe, koncerty, spektakle teatralne, wystawy sztuki &#8211; to wszystko czyni Wroc\u0142aw jednym z najwa\u017cniejszych o\u015brodk\u00f3w kulturalnych w Polsce. Odwiedzaj\u0105c to miasto, mi\u0142o\u015bnicy muzyki i kultury odkryj\u0105 fascynuj\u0105cy \u015bwiat jazzu oraz bogactwo artystyczne, kt\u00f3re oferuje Wroc\u0142aw. Przygotuj si\u0119 na muzyczn\u0105 podr\u00f3\u017c przez serce Polski!<\/p>\n\n\n\n<p><\/p>","protected":false},"excerpt":{"rendered":"<p>20.11.2023 &#8211; 23.11.2023 Wroc\u0142aw &#8211; stolica polskiego jazzu Wroc\u0142aw od dawna jest uwa\u017cany za wa\u017cne centrum jazzu w Polsce. Miasto go\u015bci wiele festiwali jazzowych, cykle koncert\u00f3w i inne wydarzenia muzyczne, kt\u00f3re przyci\u0105gaj\u0105 zar\u00f3wno miejscowych mieszka\u0144c\u00f3w, jak i turyst\u00f3w z ca\u0142ego kraju i zagranicy. Wroc\u0142aw jest dumny ze swojego muzycznego dziedzictwa i promuje jazz jako styl &hellip; <a href=\"https:\/\/inthesky.apartments\/cs\/wydarzenia\/wroclaw-miasto-jazzu-i-kultury-odkrywanie-muzycznej-sceny\" class=\"more-link\">Continue reading<span class=\"screen-reader-text\"> &#8222;Wroc\u0142aw &#8211; miasto jazzu i kultury: Odkrywanie muzycznej sceny&#8221;<\/span><\/a><\/p>","protected":false},"author":1,"featured_media":1558,"comment_status":"open","ping_status":"open","sticky":false,"template":"","format":"standard","meta":{"footnotes":""},"categories":[1],"tags":[],"class_list":["post-1557","post","type-post","status-publish","format-standard","has-post-thumbnail","hentry","category-bez-kategorii"],"yoast_head":"<!-- This site is optimized with the Yoast SEO plugin v24.3 - https:\/\/yoast.com\/wordpress\/plugins\/seo\/ -->\n<title>Wroc\u0142aw - miasto jazzu i kultury: Odkrywanie muzycznej sceny - InTheSky Apartments<\/title>\n<meta name=\"robots\" content=\"index, follow, max-snippet:-1, max-image-preview:large, max-video-preview:-1\" \/>\n<link rel=\"canonical\" href=\"https:\/\/inthesky.apartments\/cs\/wydarzenia\/wroclaw-miasto-jazzu-i-kultury-odkrywanie-muzycznej-sceny\" \/>\n<meta property=\"og:locale\" content=\"cs_CZ\" \/>\n<meta property=\"og:type\" content=\"article\" \/>\n<meta property=\"og:title\" content=\"Wroc\u0142aw - miasto jazzu i kultury: Odkrywanie muzycznej sceny - InTheSky Apartments\" \/>\n<meta property=\"og:description\" content=\"20.11.2023 &#8211; 23.11.2023 Wroc\u0142aw &#8211; stolica polskiego jazzu Wroc\u0142aw od dawna jest uwa\u017cany za wa\u017cne centrum jazzu w Polsce. Miasto go\u015bci wiele festiwali jazzowych, cykle koncert\u00f3w i inne wydarzenia muzyczne, kt\u00f3re przyci\u0105gaj\u0105 zar\u00f3wno miejscowych mieszka\u0144c\u00f3w, jak i turyst\u00f3w z ca\u0142ego kraju i zagranicy. Wroc\u0142aw jest dumny ze swojego muzycznego dziedzictwa i promuje jazz jako styl &hellip; Continue reading &quot;Wroc\u0142aw &#8211; miasto jazzu i kultury: Odkrywanie muzycznej sceny&quot;\" \/>\n<meta property=\"og:url\" content=\"https:\/\/inthesky.apartments\/cs\/wydarzenia\/wroclaw-miasto-jazzu-i-kultury-odkrywanie-muzycznej-sceny\" \/>\n<meta property=\"og:site_name\" content=\"InTheSky Apartments\" \/>\n<meta property=\"article:published_time\" content=\"2025-01-30T12:48:45+00:00\" \/>\n<meta property=\"og:image\" content=\"https:\/\/inthesky.apartments\/wp-content\/uploads\/2025\/01\/1700492697.czlowiek-gra-na-saksofonie-scaled.jpg\" \/>\n\t<meta property=\"og:image:width\" content=\"2560\" \/>\n\t<meta property=\"og:image:height\" content=\"1707\" \/>\n\t<meta property=\"og:image:type\" content=\"image\/jpeg\" \/>\n<meta name=\"author\" content=\"stronywwwpomorze\" \/>\n<meta name=\"twitter:card\" content=\"summary_large_image\" \/>\n<meta name=\"twitter:label1\" content=\"Napsal(a)\" \/>\n\t<meta name=\"twitter:data1\" content=\"stronywwwpomorze\" \/>\n\t<meta name=\"twitter:label2\" content=\"Odhadovan\u00e1 doba \u010dten\u00ed\" \/>\n\t<meta name=\"twitter:data2\" content=\"4 minuty\" \/>\n<script type=\"application\/ld+json\" class=\"yoast-schema-graph\">{\"@context\":\"https:\/\/schema.org\",\"@graph\":[{\"@type\":\"WebPage\",\"@id\":\"https:\/\/inthesky.apartments\/wydarzenia\/wroclaw-miasto-jazzu-i-kultury-odkrywanie-muzycznej-sceny\",\"url\":\"https:\/\/inthesky.apartments\/wydarzenia\/wroclaw-miasto-jazzu-i-kultury-odkrywanie-muzycznej-sceny\",\"name\":\"Wroc\u0142aw - miasto jazzu i kultury: Odkrywanie muzycznej sceny - InTheSky Apartments\",\"isPartOf\":{\"@id\":\"https:\/\/inthesky.apartments\/#website\"},\"primaryImageOfPage\":{\"@id\":\"https:\/\/inthesky.apartments\/wydarzenia\/wroclaw-miasto-jazzu-i-kultury-odkrywanie-muzycznej-sceny#primaryimage\"},\"image\":{\"@id\":\"https:\/\/inthesky.apartments\/wydarzenia\/wroclaw-miasto-jazzu-i-kultury-odkrywanie-muzycznej-sceny#primaryimage\"},\"thumbnailUrl\":\"https:\/\/inthesky.apartments\/wp-content\/uploads\/2025\/01\/1700492697.czlowiek-gra-na-saksofonie-scaled.jpg\",\"datePublished\":\"2025-01-30T12:48:45+00:00\",\"dateModified\":\"2025-01-30T12:48:45+00:00\",\"author\":{\"@id\":\"https:\/\/inthesky.apartments\/#\/schema\/person\/57d8f8ed81bdbea89ecb51a463e3188c\"},\"breadcrumb\":{\"@id\":\"https:\/\/inthesky.apartments\/wydarzenia\/wroclaw-miasto-jazzu-i-kultury-odkrywanie-muzycznej-sceny#breadcrumb\"},\"inLanguage\":\"cs\",\"potentialAction\":[{\"@type\":\"ReadAction\",\"target\":[\"https:\/\/inthesky.apartments\/wydarzenia\/wroclaw-miasto-jazzu-i-kultury-odkrywanie-muzycznej-sceny\"]}]},{\"@type\":\"ImageObject\",\"inLanguage\":\"cs\",\"@id\":\"https:\/\/inthesky.apartments\/wydarzenia\/wroclaw-miasto-jazzu-i-kultury-odkrywanie-muzycznej-sceny#primaryimage\",\"url\":\"https:\/\/inthesky.apartments\/wp-content\/uploads\/2025\/01\/1700492697.czlowiek-gra-na-saksofonie-scaled.jpg\",\"contentUrl\":\"https:\/\/inthesky.apartments\/wp-content\/uploads\/2025\/01\/1700492697.czlowiek-gra-na-saksofonie-scaled.jpg\",\"width\":2560,\"height\":1707},{\"@type\":\"BreadcrumbList\",\"@id\":\"https:\/\/inthesky.apartments\/wydarzenia\/wroclaw-miasto-jazzu-i-kultury-odkrywanie-muzycznej-sceny#breadcrumb\",\"itemListElement\":[{\"@type\":\"ListItem\",\"position\":1,\"name\":\"Strona g\u0142\u00f3wna\",\"item\":\"https:\/\/inthesky.apartments\/\"},{\"@type\":\"ListItem\",\"position\":2,\"name\":\"Wroc\u0142aw &#8211; miasto jazzu i kultury: Odkrywanie muzycznej sceny\"}]},{\"@type\":\"WebSite\",\"@id\":\"https:\/\/inthesky.apartments\/#website\",\"url\":\"https:\/\/inthesky.apartments\/\",\"name\":\"InTheSky Apartments\",\"description\":\"\",\"potentialAction\":[{\"@type\":\"SearchAction\",\"target\":{\"@type\":\"EntryPoint\",\"urlTemplate\":\"https:\/\/inthesky.apartments\/?s={search_term_string}\"},\"query-input\":{\"@type\":\"PropertyValueSpecification\",\"valueRequired\":true,\"valueName\":\"search_term_string\"}}],\"inLanguage\":\"cs\"},{\"@type\":\"Person\",\"@id\":\"https:\/\/inthesky.apartments\/#\/schema\/person\/57d8f8ed81bdbea89ecb51a463e3188c\",\"name\":\"stronywwwpomorze\",\"image\":{\"@type\":\"ImageObject\",\"inLanguage\":\"cs\",\"@id\":\"https:\/\/inthesky.apartments\/#\/schema\/person\/image\/\",\"url\":\"https:\/\/secure.gravatar.com\/avatar\/7eb278f088ff1e45104fd4ad42017f2798eeeb7a447e425795f0459af9c2cdd0?s=96&d=mm&r=g\",\"contentUrl\":\"https:\/\/secure.gravatar.com\/avatar\/7eb278f088ff1e45104fd4ad42017f2798eeeb7a447e425795f0459af9c2cdd0?s=96&d=mm&r=g\",\"caption\":\"stronywwwpomorze\"},\"sameAs\":[\"https:\/\/inthesky.previo-demo.com.pl\"],\"url\":\"https:\/\/inthesky.apartments\/cs\/wydarzenia\/author\/stronywwwpomorze\"}]}<\/script>\n<!-- \/ Yoast SEO plugin. -->","yoast_head_json":{"title":"Wroc\u0142aw - miasto jazzu i kultury: Odkrywanie muzycznej sceny - InTheSky Apartments","robots":{"index":"index","follow":"follow","max-snippet":"max-snippet:-1","max-image-preview":"max-image-preview:large","max-video-preview":"max-video-preview:-1"},"canonical":"https:\/\/inthesky.apartments\/cs\/wydarzenia\/wroclaw-miasto-jazzu-i-kultury-odkrywanie-muzycznej-sceny","og_locale":"cs_CZ","og_type":"article","og_title":"Wroc\u0142aw - miasto jazzu i kultury: Odkrywanie muzycznej sceny - InTheSky Apartments","og_description":"20.11.2023 &#8211; 23.11.2023 Wroc\u0142aw &#8211; stolica polskiego jazzu Wroc\u0142aw od dawna jest uwa\u017cany za wa\u017cne centrum jazzu w Polsce. Miasto go\u015bci wiele festiwali jazzowych, cykle koncert\u00f3w i inne wydarzenia muzyczne, kt\u00f3re przyci\u0105gaj\u0105 zar\u00f3wno miejscowych mieszka\u0144c\u00f3w, jak i turyst\u00f3w z ca\u0142ego kraju i zagranicy. Wroc\u0142aw jest dumny ze swojego muzycznego dziedzictwa i promuje jazz jako styl &hellip; Continue reading \"Wroc\u0142aw &#8211; miasto jazzu i kultury: Odkrywanie muzycznej sceny\"","og_url":"https:\/\/inthesky.apartments\/cs\/wydarzenia\/wroclaw-miasto-jazzu-i-kultury-odkrywanie-muzycznej-sceny","og_site_name":"InTheSky Apartments","article_published_time":"2025-01-30T12:48:45+00:00","og_image":[{"width":2560,"height":1707,"url":"https:\/\/inthesky.apartments\/wp-content\/uploads\/2025\/01\/1700492697.czlowiek-gra-na-saksofonie-scaled.jpg","type":"image\/jpeg"}],"author":"stronywwwpomorze","twitter_card":"summary_large_image","twitter_misc":{"Napsal(a)":"stronywwwpomorze","Odhadovan\u00e1 doba \u010dten\u00ed":"4 minuty"},"schema":{"@context":"https:\/\/schema.org","@graph":[{"@type":"WebPage","@id":"https:\/\/inthesky.apartments\/wydarzenia\/wroclaw-miasto-jazzu-i-kultury-odkrywanie-muzycznej-sceny","url":"https:\/\/inthesky.apartments\/wydarzenia\/wroclaw-miasto-jazzu-i-kultury-odkrywanie-muzycznej-sceny","name":"Wroc\u0142aw - miasto jazzu i kultury: Odkrywanie muzycznej sceny - InTheSky Apartments","isPartOf":{"@id":"https:\/\/inthesky.apartments\/#website"},"primaryImageOfPage":{"@id":"https:\/\/inthesky.apartments\/wydarzenia\/wroclaw-miasto-jazzu-i-kultury-odkrywanie-muzycznej-sceny#primaryimage"},"image":{"@id":"https:\/\/inthesky.apartments\/wydarzenia\/wroclaw-miasto-jazzu-i-kultury-odkrywanie-muzycznej-sceny#primaryimage"},"thumbnailUrl":"https:\/\/inthesky.apartments\/wp-content\/uploads\/2025\/01\/1700492697.czlowiek-gra-na-saksofonie-scaled.jpg","datePublished":"2025-01-30T12:48:45+00:00","dateModified":"2025-01-30T12:48:45+00:00","author":{"@id":"https:\/\/inthesky.apartments\/#\/schema\/person\/57d8f8ed81bdbea89ecb51a463e3188c"},"breadcrumb":{"@id":"https:\/\/inthesky.apartments\/wydarzenia\/wroclaw-miasto-jazzu-i-kultury-odkrywanie-muzycznej-sceny#breadcrumb"},"inLanguage":"cs","potentialAction":[{"@type":"ReadAction","target":["https:\/\/inthesky.apartments\/wydarzenia\/wroclaw-miasto-jazzu-i-kultury-odkrywanie-muzycznej-sceny"]}]},{"@type":"ImageObject","inLanguage":"cs","@id":"https:\/\/inthesky.apartments\/wydarzenia\/wroclaw-miasto-jazzu-i-kultury-odkrywanie-muzycznej-sceny#primaryimage","url":"https:\/\/inthesky.apartments\/wp-content\/uploads\/2025\/01\/1700492697.czlowiek-gra-na-saksofonie-scaled.jpg","contentUrl":"https:\/\/inthesky.apartments\/wp-content\/uploads\/2025\/01\/1700492697.czlowiek-gra-na-saksofonie-scaled.jpg","width":2560,"height":1707},{"@type":"BreadcrumbList","@id":"https:\/\/inthesky.apartments\/wydarzenia\/wroclaw-miasto-jazzu-i-kultury-odkrywanie-muzycznej-sceny#breadcrumb","itemListElement":[{"@type":"ListItem","position":1,"name":"Strona g\u0142\u00f3wna","item":"https:\/\/inthesky.apartments\/"},{"@type":"ListItem","position":2,"name":"Wroc\u0142aw &#8211; miasto jazzu i kultury: Odkrywanie muzycznej sceny"}]},{"@type":"WebSite","@id":"https:\/\/inthesky.apartments\/#website","url":"https:\/\/inthesky.apartments\/","name":"Apartm\u00e1ny InTheSky","description":"","potentialAction":[{"@type":"SearchAction","target":{"@type":"EntryPoint","urlTemplate":"https:\/\/inthesky.apartments\/?s={search_term_string}"},"query-input":{"@type":"PropertyValueSpecification","valueRequired":true,"valueName":"search_term_string"}}],"inLanguage":"cs"},{"@type":"Person","@id":"https:\/\/inthesky.apartments\/#\/schema\/person\/57d8f8ed81bdbea89ecb51a463e3188c","name":"webwwwpomorze","image":{"@type":"ImageObject","inLanguage":"cs","@id":"https:\/\/inthesky.apartments\/#\/schema\/person\/image\/","url":"https:\/\/secure.gravatar.com\/avatar\/7eb278f088ff1e45104fd4ad42017f2798eeeb7a447e425795f0459af9c2cdd0?s=96&d=mm&r=g","contentUrl":"https:\/\/secure.gravatar.com\/avatar\/7eb278f088ff1e45104fd4ad42017f2798eeeb7a447e425795f0459af9c2cdd0?s=96&d=mm&r=g","caption":"stronywwwpomorze"},"sameAs":["https:\/\/inthesky.previo-demo.com.pl"],"url":"https:\/\/inthesky.apartments\/cs\/wydarzenia\/author\/stronywwwpomorze"}]}},"_links":{"self":[{"href":"https:\/\/inthesky.apartments\/cs\/wp-json\/wp\/v2\/posts\/1557","targetHints":{"allow":["GET"]}}],"collection":[{"href":"https:\/\/inthesky.apartments\/cs\/wp-json\/wp\/v2\/posts"}],"about":[{"href":"https:\/\/inthesky.apartments\/cs\/wp-json\/wp\/v2\/types\/post"}],"author":[{"embeddable":true,"href":"https:\/\/inthesky.apartments\/cs\/wp-json\/wp\/v2\/users\/1"}],"replies":[{"embeddable":true,"href":"https:\/\/inthesky.apartments\/cs\/wp-json\/wp\/v2\/comments?post=1557"}],"version-history":[{"count":1,"href":"https:\/\/inthesky.apartments\/cs\/wp-json\/wp\/v2\/posts\/1557\/revisions"}],"predecessor-version":[{"id":1559,"href":"https:\/\/inthesky.apartments\/cs\/wp-json\/wp\/v2\/posts\/1557\/revisions\/1559"}],"wp:featuredmedia":[{"embeddable":true,"href":"https:\/\/inthesky.apartments\/cs\/wp-json\/wp\/v2\/media\/1558"}],"wp:attachment":[{"href":"https:\/\/inthesky.apartments\/cs\/wp-json\/wp\/v2\/media?parent=1557"}],"wp:term":[{"taxonomy":"category","embeddable":true,"href":"https:\/\/inthesky.apartments\/cs\/wp-json\/wp\/v2\/categories?post=1557"},{"taxonomy":"post_tag","embeddable":true,"href":"https:\/\/inthesky.apartments\/cs\/wp-json\/wp\/v2\/tags?post=1557"}],"curies":[{"name":"wp","href":"https:\/\/api.w.org\/{rel}","templated":true}]}}