{"id":1584,"date":"2025-01-30T14:21:12","date_gmt":"2025-01-30T13:21:12","guid":{"rendered":"https:\/\/inthesky.previo-demo.com.pl\/?p=1584"},"modified":"2025-01-30T14:21:12","modified_gmt":"2025-01-30T13:21:12","slug":"co-zwiedzic-we-wroclawiu-w-dwa-dni","status":"publish","type":"post","link":"https:\/\/inthesky.apartments\/cs\/wydarzenia\/co-zwiedzic-we-wroclawiu-w-dwa-dni","title":{"rendered":"Co zwiedzi\u0107 we Wroc\u0142awiu w dwa dni?"},"content":{"rendered":"<p><strong>02.12.2022<\/strong><\/p>\n\n\n\n<p><strong>Pisz\u0105c tekst turystyczny o Wroc\u0142awiu zawsze mamy dylemat. Bowiem w dwa dni, ani nawet w tydzie\u0144 nie da si\u0119 zaliczy\u0107 wszystkich atrakcji tego miasta.<\/strong><\/p>\n\n\n\n<p>Wybaczcie wi\u0119c, \u017ce nasza tutejsza propozycja to b\u0119dzie bardzo subiektywny wyb\u00f3r (tak zwane &#8222;must see&#8221;), kt\u00f3re ka\u017cdy z Was mo\u017ce uzupe\u0142ni\u0107 o jeszcze inne ciekawostki wedle w\u0142asnego uznania i zainteresowa\u0144. Tak\u017ce kolejno\u015b\u0107 zwiedzania r\u00f3wnie\u017c niech b\u0119dzie propozycj\u0105, kt\u00f3r\u0105 oczywi\u015bcie mo\u017cna modyfikowa\u0107 w dowolny spos\u00f3b. A gdzie najlepiej zatrzyma\u0107 si\u0119 jad\u0105c do Wroc\u0142awia? Sprawdzonym sposobem s\u0105\u00a0<a href=\"https:\/\/inthesky.apartments\/cs\/\" target=\"_blank\" rel=\"noreferrer noopener\">apartamenty w Sky Tower<\/a>\u00a0z przepi\u0119knym widokiem<\/p>\n\n\n\n<p><strong>Wroc\u0142aw &#8211; co warto zwiedzi\u0107 pierwszego dnia<\/strong><\/p>\n\n\n\n<p><strong>Rynek i zabytkowe Stare Miasto<\/strong><\/p>\n\n\n\n<p>Zwiedzanie pi\u0119knych miast zawsze warto zacz\u0105\u0107 od tego co jest na Rynku i w jego bezpo\u015brednim s\u0105siedztwie. Wroc\u0142awski Rynek nale\u017cy do najwi\u0119kszych i naj\u0142adniejszych w Polsce. Opr\u00f3cz zabytkowych kamienic , kt\u00f3re go otaczaj\u0105 warto zauwa\u017cy\u0107 tu mi\u0119dzy innymi a\u017c dwa ratusze. Niedaleko st\u0105d znajdziecie wielk\u0105, wr\u0119cz monumentaln\u0105 katedr\u0119 polskokatolick\u0105 p.w. \u015bwi\u0119tej Magdaleny. Mi\u0119dzy dwiema wie\u017cami tego ko\u015bcio\u0142a znajduje si\u0119 k\u0142adka (tak zwany most czarownic). Rozci\u0105ga si\u0119 stamt\u0105d wspania\u0142y widok na ca\u0142\u0105 okolic\u0119.<\/p>\n\n\n\n<p><strong>Muzeum Narodowe i Panorama Rac\u0142awicka<\/strong><\/p>\n\n\n\n<p>To propozycja dla wszystkich mi\u0142o\u015bnik\u00f3w wspania\u0142ych dzie\u0142 sztuki. A w Muzeum Narodowym znajdziecie tysi\u0105ce rze\u017ab, obraz\u00f3w, arcydzie\u0142 sztuki u\u017cytkowej, sakralnej i wiele innych wspania\u0142o\u015bci tak\u017ce z tak odleg\u0142ych kraj\u00f3w jak Japonia i Chiny. Panorama Rac\u0142awicka to najwi\u0119kszy obraz jaki kiedykolwiek stworzyli polscy malarze. Koniecznie trzeba to zobaczy\u0107.<\/p>\n\n\n\n<p><strong>Hala Targowa<\/strong><\/p>\n\n\n\n<p>Wroc\u0142awska Hala Targowa to nie tylko miejsce, gdzie mo\u017cna zrobi\u0107 dobre zakupy, zw\u0142aszcza \u015bwie\u017cych owoc\u00f3w i warzyw, ale te\u017c jeden z najbardziej znanych i rozpoznawalnych zabytk\u00f3w miasta.<\/p>\n\n\n\n<p><strong>V\u011b\u017e Sky Tower<\/strong><\/p>\n\n\n\n<p>Jedna z najnowszych i zarazem najwi\u0119kszych (dos\u0142ownie) atrakcji miasta. Budowla, kt\u00f3r\u0105 wida\u0107 z daleka. Ma bowiem ponad dwie\u015bcie metr\u00f3w wysoko\u015bci. To jest wielkie centrum handlowe, us\u0142ugowe i rozrywkowe. Mo\u017cna to co\u015b zje\u015b\u0107 w jednej z wielu restauracji, albo wjecha\u0107 wind\u0105 na punkt widokowy. Niezapomniane widoki i prze\u017cycia.<\/p>\n\n\n\n<p><strong>Wroc\u0142aw atrakcje turystyczne na dzie\u0144 drugi<\/strong><\/p>\n\n\n\n<p><strong>Rejs po Odrze<\/strong><\/p>\n\n\n\n<p>Wzd\u0142u\u017c Odry na ch\u0119tnych czekaj\u0105 liczne niewielkie statki, kt\u00f3rymi mo\u017cna wybra\u0107 si\u0119 na przeja\u017cd\u017ck\u0119 aby zobaczy\u0107 jak wygl\u0105da miasto od strony wody. Ciekawa i romantyczna propozycja zw\u0142aszcza dla zakochanych par.<\/p>\n\n\n\n<p><strong>Ogr\u00f3d Botaniczny, Ogr\u00f3d Japo\u0144ski i wiele innych teren\u00f3w zielonych<\/strong><\/p>\n\n\n\n<p>Jak ka\u017cde wi\u0119ksze miasto Wroc\u0142aw ma na swoim terenie ca\u0142kiem du\u017co przer\u00f3\u017cnych park\u00f3w i ogrod\u00f3w. Na szczeg\u00f3lne wyr\u00f3\u017cnienie zas\u0142uguj\u0105 bardzo ciekawy Ogr\u00f3d Botaniczny o Ogr\u00f3d Japo\u0144ski, w kt\u00f3rych b\u0119dziecie mogli zobaczy\u0107 ciekawe egzotyczne ro\u015bliny u\u0142o\u017cone w niezwyk\u0142e kompozycje. Dobra propozycja dla wszystkich, kt\u00f3rzy sami maj\u0105 w\u0142asny ogr\u00f3d i mo\u017ce chcieliby jaki\u015b pomys\u0142 zaczerpn\u0105\u0107 i zastosowa\u0107 u siebie.<\/p>\n\n\n\n<p><strong>Wroc\u0142awska fontanna multimedialna<\/strong><\/p>\n\n\n\n<p>Coraz wi\u0119ksz\u0105 popularno\u015b\u0107 w r\u00f3\u017cnych miastach zdobywaj\u0105 fontanny, w kt\u00f3rych nie tylko leci woda z jakiej\u015b pi\u0119knej rze\u017aby ale tak\u017ce dzi\u0119ki zastosowanym wielu r\u00f3\u017cnym dyszom mo\u017cna uzyska\u0107 efekt, jakby s\u0142upy wody ta\u0144czy\u0142y w rytm wydobywaj\u0105cej si\u0119 z g\u0142o\u015bnik\u00f3w muzyki. Dodatkowym pi\u0119knym elementem jest pod\u015bwietlenie wszystkiego r\u00f3\u017cnymi kolorami co daje niezwyk\u0142e do\u015bwiadczenie estetyczne. Fontanna stoi tu\u017c obok s\u0142ynnej wroc\u0142awskiej Hali Stulecia.<\/p>\n\n\n\n<p><strong>Co mo\u017cna zwiedzi\u0107 we Wroc\u0142awiu razem z rodzin\u0105?<\/strong><\/p>\n\n\n\n<p>Je\u017celi macie dzieci to koniecznie we\u017acie je na wycieczk\u0119 do ogrodu zoologicznego. Wszystkie maluchy kochaj\u0105 zwierz\u0105tka, a wroc\u0142awskie zoo nale\u017cy do najlepszych i najbardziej znanych w Polsce. Dzieciaki te\u017c na pewno zainteresuj\u0105 si\u0119 &#8222;zbieraniem&#8221; krasnoludk\u00f3w. W niekt\u00f3rych ksi\u0119garniach na terenie miasta mo\u017cna kupi\u0107 map\u0119 z zaznaczonymi wszystkimi wroc\u0142awskimi krasnoludkami. A poniewa\u017c zwykle znajduj\u0105 si\u0119 one w s\u0105siedztwie najciekawszych i najbardziej znanych zabytk\u00f3w to przy okazji sporo innych atrakcji tak\u017ce zaliczycie.<\/p>","protected":false},"excerpt":{"rendered":"<p>02.12.2022 Pisz\u0105c tekst turystyczny o Wroc\u0142awiu zawsze mamy dylemat. Bowiem w dwa dni, ani nawet w tydzie\u0144 nie da si\u0119 zaliczy\u0107 wszystkich atrakcji tego miasta. Wybaczcie wi\u0119c, \u017ce nasza tutejsza propozycja to b\u0119dzie bardzo subiektywny wyb\u00f3r (tak zwane &#8222;must see&#8221;), kt\u00f3re ka\u017cdy z Was mo\u017ce uzupe\u0142ni\u0107 o jeszcze inne ciekawostki wedle w\u0142asnego uznania i zainteresowa\u0144. &hellip; <a href=\"https:\/\/inthesky.apartments\/cs\/wydarzenia\/co-zwiedzic-we-wroclawiu-w-dwa-dni\" class=\"more-link\">Continue reading<span class=\"screen-reader-text\"> &#8222;Co zwiedzi\u0107 we Wroc\u0142awiu w dwa dni?&#8221;<\/span><\/a><\/p>","protected":false},"author":1,"featured_media":1585,"comment_status":"open","ping_status":"open","sticky":false,"template":"","format":"standard","meta":{"footnotes":""},"categories":[1],"tags":[],"class_list":["post-1584","post","type-post","status-publish","format-standard","has-post-thumbnail","hentry","category-bez-kategorii"],"yoast_head":"<!-- This site is optimized with the Yoast SEO plugin v24.3 - https:\/\/yoast.com\/wordpress\/plugins\/seo\/ -->\n<title>Co zwiedzi\u0107 we Wroc\u0142awiu w dwa dni? - InTheSky Apartments<\/title>\n<meta name=\"robots\" content=\"index, follow, max-snippet:-1, max-image-preview:large, max-video-preview:-1\" \/>\n<link rel=\"canonical\" href=\"https:\/\/inthesky.apartments\/cs\/wydarzenia\/co-zwiedzic-we-wroclawiu-w-dwa-dni\" \/>\n<meta property=\"og:locale\" content=\"cs_CZ\" \/>\n<meta property=\"og:type\" content=\"article\" \/>\n<meta property=\"og:title\" content=\"Co zwiedzi\u0107 we Wroc\u0142awiu w dwa dni? - InTheSky Apartments\" \/>\n<meta property=\"og:description\" content=\"02.12.2022 Pisz\u0105c tekst turystyczny o Wroc\u0142awiu zawsze mamy dylemat. Bowiem w dwa dni, ani nawet w tydzie\u0144 nie da si\u0119 zaliczy\u0107 wszystkich atrakcji tego miasta. Wybaczcie wi\u0119c, \u017ce nasza tutejsza propozycja to b\u0119dzie bardzo subiektywny wyb\u00f3r (tak zwane &#8222;must see&#8221;), kt\u00f3re ka\u017cdy z Was mo\u017ce uzupe\u0142ni\u0107 o jeszcze inne ciekawostki wedle w\u0142asnego uznania i zainteresowa\u0144. &hellip; Continue reading &quot;Co zwiedzi\u0107 we Wroc\u0142awiu w dwa dni?&quot;\" \/>\n<meta property=\"og:url\" content=\"https:\/\/inthesky.apartments\/cs\/wydarzenia\/co-zwiedzic-we-wroclawiu-w-dwa-dni\" \/>\n<meta property=\"og:site_name\" content=\"InTheSky Apartments\" \/>\n<meta property=\"article:published_time\" content=\"2025-01-30T13:21:12+00:00\" \/>\n<meta property=\"og:image\" content=\"https:\/\/inthesky.apartments\/wp-content\/uploads\/2025\/01\/1671116859.co-zobaczyc-we-wroclawiu.jpeg\" \/>\n\t<meta property=\"og:image:width\" content=\"1920\" \/>\n\t<meta property=\"og:image:height\" content=\"1034\" \/>\n\t<meta property=\"og:image:type\" content=\"image\/jpeg\" \/>\n<meta name=\"author\" content=\"stronywwwpomorze\" \/>\n<meta name=\"twitter:card\" content=\"summary_large_image\" \/>\n<meta name=\"twitter:label1\" content=\"Napsal(a)\" \/>\n\t<meta name=\"twitter:data1\" content=\"stronywwwpomorze\" \/>\n\t<meta name=\"twitter:label2\" content=\"Odhadovan\u00e1 doba \u010dten\u00ed\" \/>\n\t<meta name=\"twitter:data2\" content=\"4 minuty\" \/>\n<script type=\"application\/ld+json\" class=\"yoast-schema-graph\">{\"@context\":\"https:\/\/schema.org\",\"@graph\":[{\"@type\":\"WebPage\",\"@id\":\"https:\/\/inthesky.apartments\/wydarzenia\/co-zwiedzic-we-wroclawiu-w-dwa-dni\",\"url\":\"https:\/\/inthesky.apartments\/wydarzenia\/co-zwiedzic-we-wroclawiu-w-dwa-dni\",\"name\":\"Co zwiedzi\u0107 we Wroc\u0142awiu w dwa dni? - InTheSky Apartments\",\"isPartOf\":{\"@id\":\"https:\/\/inthesky.apartments\/#website\"},\"primaryImageOfPage\":{\"@id\":\"https:\/\/inthesky.apartments\/wydarzenia\/co-zwiedzic-we-wroclawiu-w-dwa-dni#primaryimage\"},\"image\":{\"@id\":\"https:\/\/inthesky.apartments\/wydarzenia\/co-zwiedzic-we-wroclawiu-w-dwa-dni#primaryimage\"},\"thumbnailUrl\":\"https:\/\/inthesky.apartments\/wp-content\/uploads\/2025\/01\/1671116859.co-zobaczyc-we-wroclawiu.jpeg\",\"datePublished\":\"2025-01-30T13:21:12+00:00\",\"dateModified\":\"2025-01-30T13:21:12+00:00\",\"author\":{\"@id\":\"https:\/\/inthesky.apartments\/#\/schema\/person\/57d8f8ed81bdbea89ecb51a463e3188c\"},\"breadcrumb\":{\"@id\":\"https:\/\/inthesky.apartments\/wydarzenia\/co-zwiedzic-we-wroclawiu-w-dwa-dni#breadcrumb\"},\"inLanguage\":\"cs\",\"potentialAction\":[{\"@type\":\"ReadAction\",\"target\":[\"https:\/\/inthesky.apartments\/wydarzenia\/co-zwiedzic-we-wroclawiu-w-dwa-dni\"]}]},{\"@type\":\"ImageObject\",\"inLanguage\":\"cs\",\"@id\":\"https:\/\/inthesky.apartments\/wydarzenia\/co-zwiedzic-we-wroclawiu-w-dwa-dni#primaryimage\",\"url\":\"https:\/\/inthesky.apartments\/wp-content\/uploads\/2025\/01\/1671116859.co-zobaczyc-we-wroclawiu.jpeg\",\"contentUrl\":\"https:\/\/inthesky.apartments\/wp-content\/uploads\/2025\/01\/1671116859.co-zobaczyc-we-wroclawiu.jpeg\",\"width\":1920,\"height\":1034},{\"@type\":\"BreadcrumbList\",\"@id\":\"https:\/\/inthesky.apartments\/wydarzenia\/co-zwiedzic-we-wroclawiu-w-dwa-dni#breadcrumb\",\"itemListElement\":[{\"@type\":\"ListItem\",\"position\":1,\"name\":\"Strona g\u0142\u00f3wna\",\"item\":\"https:\/\/inthesky.apartments\/\"},{\"@type\":\"ListItem\",\"position\":2,\"name\":\"Co zwiedzi\u0107 we Wroc\u0142awiu w dwa dni?\"}]},{\"@type\":\"WebSite\",\"@id\":\"https:\/\/inthesky.apartments\/#website\",\"url\":\"https:\/\/inthesky.apartments\/\",\"name\":\"InTheSky Apartments\",\"description\":\"\",\"potentialAction\":[{\"@type\":\"SearchAction\",\"target\":{\"@type\":\"EntryPoint\",\"urlTemplate\":\"https:\/\/inthesky.apartments\/?s={search_term_string}\"},\"query-input\":{\"@type\":\"PropertyValueSpecification\",\"valueRequired\":true,\"valueName\":\"search_term_string\"}}],\"inLanguage\":\"cs\"},{\"@type\":\"Person\",\"@id\":\"https:\/\/inthesky.apartments\/#\/schema\/person\/57d8f8ed81bdbea89ecb51a463e3188c\",\"name\":\"stronywwwpomorze\",\"image\":{\"@type\":\"ImageObject\",\"inLanguage\":\"cs\",\"@id\":\"https:\/\/inthesky.apartments\/#\/schema\/person\/image\/\",\"url\":\"https:\/\/secure.gravatar.com\/avatar\/7eb278f088ff1e45104fd4ad42017f2798eeeb7a447e425795f0459af9c2cdd0?s=96&d=mm&r=g\",\"contentUrl\":\"https:\/\/secure.gravatar.com\/avatar\/7eb278f088ff1e45104fd4ad42017f2798eeeb7a447e425795f0459af9c2cdd0?s=96&d=mm&r=g\",\"caption\":\"stronywwwpomorze\"},\"sameAs\":[\"https:\/\/inthesky.previo-demo.com.pl\"],\"url\":\"https:\/\/inthesky.apartments\/cs\/wydarzenia\/author\/stronywwwpomorze\"}]}<\/script>\n<!-- \/ Yoast SEO plugin. -->","yoast_head_json":{"title":"Co zwiedzi\u0107 we Wroc\u0142awiu w dwa dni? - InTheSky Apartments","robots":{"index":"index","follow":"follow","max-snippet":"max-snippet:-1","max-image-preview":"max-image-preview:large","max-video-preview":"max-video-preview:-1"},"canonical":"https:\/\/inthesky.apartments\/cs\/wydarzenia\/co-zwiedzic-we-wroclawiu-w-dwa-dni","og_locale":"cs_CZ","og_type":"article","og_title":"Co zwiedzi\u0107 we Wroc\u0142awiu w dwa dni? - InTheSky Apartments","og_description":"02.12.2022 Pisz\u0105c tekst turystyczny o Wroc\u0142awiu zawsze mamy dylemat. Bowiem w dwa dni, ani nawet w tydzie\u0144 nie da si\u0119 zaliczy\u0107 wszystkich atrakcji tego miasta. Wybaczcie wi\u0119c, \u017ce nasza tutejsza propozycja to b\u0119dzie bardzo subiektywny wyb\u00f3r (tak zwane &#8222;must see&#8221;), kt\u00f3re ka\u017cdy z Was mo\u017ce uzupe\u0142ni\u0107 o jeszcze inne ciekawostki wedle w\u0142asnego uznania i zainteresowa\u0144. &hellip; Continue reading \"Co zwiedzi\u0107 we Wroc\u0142awiu w dwa dni?\"","og_url":"https:\/\/inthesky.apartments\/cs\/wydarzenia\/co-zwiedzic-we-wroclawiu-w-dwa-dni","og_site_name":"InTheSky Apartments","article_published_time":"2025-01-30T13:21:12+00:00","og_image":[{"width":1920,"height":1034,"url":"https:\/\/inthesky.apartments\/wp-content\/uploads\/2025\/01\/1671116859.co-zobaczyc-we-wroclawiu.jpeg","type":"image\/jpeg"}],"author":"stronywwwpomorze","twitter_card":"summary_large_image","twitter_misc":{"Napsal(a)":"stronywwwpomorze","Odhadovan\u00e1 doba \u010dten\u00ed":"4 minuty"},"schema":{"@context":"https:\/\/schema.org","@graph":[{"@type":"WebPage","@id":"https:\/\/inthesky.apartments\/wydarzenia\/co-zwiedzic-we-wroclawiu-w-dwa-dni","url":"https:\/\/inthesky.apartments\/wydarzenia\/co-zwiedzic-we-wroclawiu-w-dwa-dni","name":"Co zwiedzi\u0107 we Wroc\u0142awiu w dwa dni? - InTheSky Apartments","isPartOf":{"@id":"https:\/\/inthesky.apartments\/#website"},"primaryImageOfPage":{"@id":"https:\/\/inthesky.apartments\/wydarzenia\/co-zwiedzic-we-wroclawiu-w-dwa-dni#primaryimage"},"image":{"@id":"https:\/\/inthesky.apartments\/wydarzenia\/co-zwiedzic-we-wroclawiu-w-dwa-dni#primaryimage"},"thumbnailUrl":"https:\/\/inthesky.apartments\/wp-content\/uploads\/2025\/01\/1671116859.co-zobaczyc-we-wroclawiu.jpeg","datePublished":"2025-01-30T13:21:12+00:00","dateModified":"2025-01-30T13:21:12+00:00","author":{"@id":"https:\/\/inthesky.apartments\/#\/schema\/person\/57d8f8ed81bdbea89ecb51a463e3188c"},"breadcrumb":{"@id":"https:\/\/inthesky.apartments\/wydarzenia\/co-zwiedzic-we-wroclawiu-w-dwa-dni#breadcrumb"},"inLanguage":"cs","potentialAction":[{"@type":"ReadAction","target":["https:\/\/inthesky.apartments\/wydarzenia\/co-zwiedzic-we-wroclawiu-w-dwa-dni"]}]},{"@type":"ImageObject","inLanguage":"cs","@id":"https:\/\/inthesky.apartments\/wydarzenia\/co-zwiedzic-we-wroclawiu-w-dwa-dni#primaryimage","url":"https:\/\/inthesky.apartments\/wp-content\/uploads\/2025\/01\/1671116859.co-zobaczyc-we-wroclawiu.jpeg","contentUrl":"https:\/\/inthesky.apartments\/wp-content\/uploads\/2025\/01\/1671116859.co-zobaczyc-we-wroclawiu.jpeg","width":1920,"height":1034},{"@type":"BreadcrumbList","@id":"https:\/\/inthesky.apartments\/wydarzenia\/co-zwiedzic-we-wroclawiu-w-dwa-dni#breadcrumb","itemListElement":[{"@type":"ListItem","position":1,"name":"Strona g\u0142\u00f3wna","item":"https:\/\/inthesky.apartments\/"},{"@type":"ListItem","position":2,"name":"Co zwiedzi\u0107 we Wroc\u0142awiu w dwa dni?"}]},{"@type":"WebSite","@id":"https:\/\/inthesky.apartments\/#website","url":"https:\/\/inthesky.apartments\/","name":"Apartm\u00e1ny InTheSky","description":"","potentialAction":[{"@type":"SearchAction","target":{"@type":"EntryPoint","urlTemplate":"https:\/\/inthesky.apartments\/?s={search_term_string}"},"query-input":{"@type":"PropertyValueSpecification","valueRequired":true,"valueName":"search_term_string"}}],"inLanguage":"cs"},{"@type":"Person","@id":"https:\/\/inthesky.apartments\/#\/schema\/person\/57d8f8ed81bdbea89ecb51a463e3188c","name":"webwwwpomorze","image":{"@type":"ImageObject","inLanguage":"cs","@id":"https:\/\/inthesky.apartments\/#\/schema\/person\/image\/","url":"https:\/\/secure.gravatar.com\/avatar\/7eb278f088ff1e45104fd4ad42017f2798eeeb7a447e425795f0459af9c2cdd0?s=96&d=mm&r=g","contentUrl":"https:\/\/secure.gravatar.com\/avatar\/7eb278f088ff1e45104fd4ad42017f2798eeeb7a447e425795f0459af9c2cdd0?s=96&d=mm&r=g","caption":"stronywwwpomorze"},"sameAs":["https:\/\/inthesky.previo-demo.com.pl"],"url":"https:\/\/inthesky.apartments\/cs\/wydarzenia\/author\/stronywwwpomorze"}]}},"_links":{"self":[{"href":"https:\/\/inthesky.apartments\/cs\/wp-json\/wp\/v2\/posts\/1584","targetHints":{"allow":["GET"]}}],"collection":[{"href":"https:\/\/inthesky.apartments\/cs\/wp-json\/wp\/v2\/posts"}],"about":[{"href":"https:\/\/inthesky.apartments\/cs\/wp-json\/wp\/v2\/types\/post"}],"author":[{"embeddable":true,"href":"https:\/\/inthesky.apartments\/cs\/wp-json\/wp\/v2\/users\/1"}],"replies":[{"embeddable":true,"href":"https:\/\/inthesky.apartments\/cs\/wp-json\/wp\/v2\/comments?post=1584"}],"version-history":[{"count":1,"href":"https:\/\/inthesky.apartments\/cs\/wp-json\/wp\/v2\/posts\/1584\/revisions"}],"predecessor-version":[{"id":1586,"href":"https:\/\/inthesky.apartments\/cs\/wp-json\/wp\/v2\/posts\/1584\/revisions\/1586"}],"wp:featuredmedia":[{"embeddable":true,"href":"https:\/\/inthesky.apartments\/cs\/wp-json\/wp\/v2\/media\/1585"}],"wp:attachment":[{"href":"https:\/\/inthesky.apartments\/cs\/wp-json\/wp\/v2\/media?parent=1584"}],"wp:term":[{"taxonomy":"category","embeddable":true,"href":"https:\/\/inthesky.apartments\/cs\/wp-json\/wp\/v2\/categories?post=1584"},{"taxonomy":"post_tag","embeddable":true,"href":"https:\/\/inthesky.apartments\/cs\/wp-json\/wp\/v2\/tags?post=1584"}],"curies":[{"name":"wp","href":"https:\/\/api.w.org\/{rel}","templated":true}]}}