{"id":1557,"date":"2025-01-30T13:48:45","date_gmt":"2025-01-30T12:48:45","guid":{"rendered":"https:\/\/inthesky.previo-demo.com.pl\/?p=1557"},"modified":"2025-01-30T13:48:45","modified_gmt":"2025-01-30T12:48:45","slug":"wroclaw-miasto-jazzu-i-kultury-odkrywanie-muzycznej-sceny","status":"publish","type":"post","link":"https:\/\/inthesky.apartments\/en\/events\/wroclaw-miasto-jazzu-i-kultury-odkrywanie-muzycznej-sceny","title":{"rendered":"Wroc\u0142aw \u2013 the city of jazz and culture: Discovering the music scene"},"content":{"rendered":"<p><strong>20.11.2023 &#8211; 23.11.2023<\/strong><\/p>\n\n\n\n<p><strong>Wroc\u0142aw \u2013 the capital of Polish jazz<\/strong><\/p>\n\n\n\n<p>Wroc\u0142aw has long been considered an important center of jazz in Poland. The city hosts many jazz festivals, concert series and other musical events that attract both locals and tourists from all over the country and abroad. Wroc\u0142aw is proud of its musical heritage and promotes jazz as a lifestyle and art form that unites different social groups and cultures.<\/p>\n\n\n\n<p><strong>Jazztopad festival<\/strong><\/p>\n\n\n\n<p>Jazztopad Festival is a musical event celebrating its autumn in the heart of Lower Silesia, in Wroc\u0142aw. It is a festival that celebrates the tradition and innovation of jazz, attracting not only local but also international audiences<\/p>\n\n\n\n<p>Jazztopad takes place at the National Forum of Music (NFM), which is a co-organizer of the event, and this place creates a perfect framework for this unique event. In addition to concerts by famous jazz musicians, the festival also offers workshops, meetings with artists, and even special events for children.<\/p>\n\n\n\n<p>The festival concerts include both classical jazz and continuing exploration of the directions of musical development.<\/p>\n\n\n\n<p><strong>Festiwal Jazz nad Odr\u0105<\/strong><\/p>\n\n\n\n<p>Jazz nad Odr\u0105 is one of the oldest and most prestigious jazz events in Poland. Wroc\u0142aw is proud to host this festival, which has been taking place for over 50 years. The festival attracts the biggest names of the Polish and international jazz scene, and music lovers from all over the country gather to enjoy unforgettable performances. It is a real celebration for every jazz fan, regardless of age or musical experience.<\/p>\n\n\n\n<p><strong>Vertigo Summer Jazz Festival<\/strong><\/p>\n\n\n\n<p>Vertigo Summer Jazz Festival is another important jazz event that takes place in the summer in a charming outdoor amphitheater on the Oder River. The festival attracts not only jazz lovers, but also tourists interested in high-quality music and the beauty of the Wroc\u0142aw scenery. Concerts take place in the evenings, creating a unique atmosphere and providing unforgettable experiences. It is a great opportunity to sit down, relax and surrender to the magic of jazz sounds.<\/p>\n\n\n\n<p><strong>Other musical and cultural events<\/strong><\/p>\n\n\n\n<p>Wroc\u0142aw is not just about jazz, however. The city offers a wide range of musical and cultural offerings for all art lovers. Concerts, theatre performances, art exhibitions \u2013 these are just some of the many events that can be found on the Wroc\u0142aw cultural scene. Regardless of musical or artistic preferences, everyone will find something interesting for themselves. You can enjoy the diversity and richness of culture that Wroc\u0142aw has to offer.<\/p>\n\n\n\n<p><strong>Local music bands and jazz clubs<\/strong><\/p>\n\n\n\n<p>Wroc\u0142aw is also a place where you can discover talented local musicians and bands. Jazz clubs such as Vertigo provide an amazing atmosphere and the opportunity to listen to live jazz. The Wroc\u0142aw music world is full of talented artists who create unique and intriguing sounds. Regardless of whether you are a fan of jazz, rock or another genre of music, you will definitely find something for yourself in the music clubs of Wroc\u0142aw.<\/p>\n\n\n\n<p><strong>Summary<\/strong><\/p>\n\n\n\n<p>Wroc\u0142aw is a city where jazz has always been associated, and culture and music meet in a harmonious dance of sounds. Jazz festivals, concerts, theatre performances, art exhibitions - all this makes Wroc\u0142aw one of the most important cultural centers in Poland. Visiting this city, lovers of music and culture will discover the fascinating world of jazz and the artistic wealth that Wroc\u0142aw has to offer. Prepare for a musical journey through the heart of Poland!<\/p>\n\n\n\n<p><\/p>","protected":false},"excerpt":{"rendered":"<p>20.11.2023 &#8211; 23.11.2023 Wroc\u0142aw &#8211; stolica polskiego jazzu Wroc\u0142aw od dawna jest uwa\u017cany za wa\u017cne centrum jazzu w Polsce. Miasto go\u015bci wiele festiwali jazzowych, cykle koncert\u00f3w i inne wydarzenia muzyczne, kt\u00f3re przyci\u0105gaj\u0105 zar\u00f3wno miejscowych mieszka\u0144c\u00f3w, jak i turyst\u00f3w z ca\u0142ego kraju i zagranicy. Wroc\u0142aw jest dumny ze swojego muzycznego dziedzictwa i promuje jazz jako styl &hellip; <a href=\"https:\/\/inthesky.apartments\/en\/events\/wroclaw-miasto-jazzu-i-kultury-odkrywanie-muzycznej-sceny\" class=\"more-link\">Continue reading<span class=\"screen-reader-text\"> &#8222;Wroc\u0142aw &#8211; miasto jazzu i kultury: Odkrywanie muzycznej sceny&#8221;<\/span><\/a><\/p>","protected":false},"author":1,"featured_media":1558,"comment_status":"open","ping_status":"open","sticky":false,"template":"","format":"standard","meta":{"footnotes":""},"categories":[1],"tags":[],"class_list":["post-1557","post","type-post","status-publish","format-standard","has-post-thumbnail","hentry","category-bez-kategorii"],"yoast_head":"<!-- This site is optimized with the Yoast SEO plugin v24.3 - https:\/\/yoast.com\/wordpress\/plugins\/seo\/ -->\n<title>Wroc\u0142aw - miasto jazzu i kultury: Odkrywanie muzycznej sceny - InTheSky Apartments<\/title>\n<meta name=\"robots\" content=\"index, follow, max-snippet:-1, max-image-preview:large, max-video-preview:-1\" \/>\n<link rel=\"canonical\" href=\"https:\/\/inthesky.apartments\/en\/events\/wroclaw-miasto-jazzu-i-kultury-odkrywanie-muzycznej-sceny\" \/>\n<meta property=\"og:locale\" content=\"en_GB\" \/>\n<meta property=\"og:type\" content=\"article\" \/>\n<meta property=\"og:title\" content=\"Wroc\u0142aw - miasto jazzu i kultury: Odkrywanie muzycznej sceny - InTheSky Apartments\" \/>\n<meta property=\"og:description\" content=\"20.11.2023 &#8211; 23.11.2023 Wroc\u0142aw &#8211; stolica polskiego jazzu Wroc\u0142aw od dawna jest uwa\u017cany za wa\u017cne centrum jazzu w Polsce. Miasto go\u015bci wiele festiwali jazzowych, cykle koncert\u00f3w i inne wydarzenia muzyczne, kt\u00f3re przyci\u0105gaj\u0105 zar\u00f3wno miejscowych mieszka\u0144c\u00f3w, jak i turyst\u00f3w z ca\u0142ego kraju i zagranicy. Wroc\u0142aw jest dumny ze swojego muzycznego dziedzictwa i promuje jazz jako styl &hellip; Continue reading &quot;Wroc\u0142aw &#8211; miasto jazzu i kultury: Odkrywanie muzycznej sceny&quot;\" \/>\n<meta property=\"og:url\" content=\"https:\/\/inthesky.apartments\/en\/events\/wroclaw-miasto-jazzu-i-kultury-odkrywanie-muzycznej-sceny\" \/>\n<meta property=\"og:site_name\" content=\"InTheSky Apartments\" \/>\n<meta property=\"article:published_time\" content=\"2025-01-30T12:48:45+00:00\" \/>\n<meta property=\"og:image\" content=\"https:\/\/inthesky.apartments\/wp-content\/uploads\/2025\/01\/1700492697.czlowiek-gra-na-saksofonie-scaled.jpg\" \/>\n\t<meta property=\"og:image:width\" content=\"2560\" \/>\n\t<meta property=\"og:image:height\" content=\"1707\" \/>\n\t<meta property=\"og:image:type\" content=\"image\/jpeg\" \/>\n<meta name=\"author\" content=\"stronywwwpomorze\" \/>\n<meta name=\"twitter:card\" content=\"summary_large_image\" \/>\n<meta name=\"twitter:label1\" content=\"Written by\" \/>\n\t<meta name=\"twitter:data1\" content=\"stronywwwpomorze\" \/>\n\t<meta name=\"twitter:label2\" content=\"Estimated reading time\" \/>\n\t<meta name=\"twitter:data2\" content=\"4 minutes\" \/>\n<script type=\"application\/ld+json\" class=\"yoast-schema-graph\">{\"@context\":\"https:\/\/schema.org\",\"@graph\":[{\"@type\":\"WebPage\",\"@id\":\"https:\/\/inthesky.apartments\/wydarzenia\/wroclaw-miasto-jazzu-i-kultury-odkrywanie-muzycznej-sceny\",\"url\":\"https:\/\/inthesky.apartments\/wydarzenia\/wroclaw-miasto-jazzu-i-kultury-odkrywanie-muzycznej-sceny\",\"name\":\"Wroc\u0142aw - miasto jazzu i kultury: Odkrywanie muzycznej sceny - InTheSky Apartments\",\"isPartOf\":{\"@id\":\"https:\/\/inthesky.apartments\/#website\"},\"primaryImageOfPage\":{\"@id\":\"https:\/\/inthesky.apartments\/wydarzenia\/wroclaw-miasto-jazzu-i-kultury-odkrywanie-muzycznej-sceny#primaryimage\"},\"image\":{\"@id\":\"https:\/\/inthesky.apartments\/wydarzenia\/wroclaw-miasto-jazzu-i-kultury-odkrywanie-muzycznej-sceny#primaryimage\"},\"thumbnailUrl\":\"https:\/\/inthesky.apartments\/wp-content\/uploads\/2025\/01\/1700492697.czlowiek-gra-na-saksofonie-scaled.jpg\",\"datePublished\":\"2025-01-30T12:48:45+00:00\",\"dateModified\":\"2025-01-30T12:48:45+00:00\",\"author\":{\"@id\":\"https:\/\/inthesky.apartments\/#\/schema\/person\/57d8f8ed81bdbea89ecb51a463e3188c\"},\"breadcrumb\":{\"@id\":\"https:\/\/inthesky.apartments\/wydarzenia\/wroclaw-miasto-jazzu-i-kultury-odkrywanie-muzycznej-sceny#breadcrumb\"},\"inLanguage\":\"en-GB\",\"potentialAction\":[{\"@type\":\"ReadAction\",\"target\":[\"https:\/\/inthesky.apartments\/wydarzenia\/wroclaw-miasto-jazzu-i-kultury-odkrywanie-muzycznej-sceny\"]}]},{\"@type\":\"ImageObject\",\"inLanguage\":\"en-GB\",\"@id\":\"https:\/\/inthesky.apartments\/wydarzenia\/wroclaw-miasto-jazzu-i-kultury-odkrywanie-muzycznej-sceny#primaryimage\",\"url\":\"https:\/\/inthesky.apartments\/wp-content\/uploads\/2025\/01\/1700492697.czlowiek-gra-na-saksofonie-scaled.jpg\",\"contentUrl\":\"https:\/\/inthesky.apartments\/wp-content\/uploads\/2025\/01\/1700492697.czlowiek-gra-na-saksofonie-scaled.jpg\",\"width\":2560,\"height\":1707},{\"@type\":\"BreadcrumbList\",\"@id\":\"https:\/\/inthesky.apartments\/wydarzenia\/wroclaw-miasto-jazzu-i-kultury-odkrywanie-muzycznej-sceny#breadcrumb\",\"itemListElement\":[{\"@type\":\"ListItem\",\"position\":1,\"name\":\"Strona g\u0142\u00f3wna\",\"item\":\"https:\/\/inthesky.apartments\/\"},{\"@type\":\"ListItem\",\"position\":2,\"name\":\"Wroc\u0142aw &#8211; miasto jazzu i kultury: Odkrywanie muzycznej sceny\"}]},{\"@type\":\"WebSite\",\"@id\":\"https:\/\/inthesky.apartments\/#website\",\"url\":\"https:\/\/inthesky.apartments\/\",\"name\":\"InTheSky Apartments\",\"description\":\"\",\"potentialAction\":[{\"@type\":\"SearchAction\",\"target\":{\"@type\":\"EntryPoint\",\"urlTemplate\":\"https:\/\/inthesky.apartments\/?s={search_term_string}\"},\"query-input\":{\"@type\":\"PropertyValueSpecification\",\"valueRequired\":true,\"valueName\":\"search_term_string\"}}],\"inLanguage\":\"en-GB\"},{\"@type\":\"Person\",\"@id\":\"https:\/\/inthesky.apartments\/#\/schema\/person\/57d8f8ed81bdbea89ecb51a463e3188c\",\"name\":\"stronywwwpomorze\",\"image\":{\"@type\":\"ImageObject\",\"inLanguage\":\"en-GB\",\"@id\":\"https:\/\/inthesky.apartments\/#\/schema\/person\/image\/\",\"url\":\"https:\/\/secure.gravatar.com\/avatar\/7eb278f088ff1e45104fd4ad42017f2798eeeb7a447e425795f0459af9c2cdd0?s=96&d=mm&r=g\",\"contentUrl\":\"https:\/\/secure.gravatar.com\/avatar\/7eb278f088ff1e45104fd4ad42017f2798eeeb7a447e425795f0459af9c2cdd0?s=96&d=mm&r=g\",\"caption\":\"stronywwwpomorze\"},\"sameAs\":[\"https:\/\/inthesky.previo-demo.com.pl\"],\"url\":\"https:\/\/inthesky.apartments\/en\/wydarzenia\/author\/stronywwwpomorze\"}]}<\/script>\n<!-- \/ Yoast SEO plugin. -->","yoast_head_json":{"title":"Wroc\u0142aw - miasto jazzu i kultury: Odkrywanie muzycznej sceny - InTheSky Apartments","robots":{"index":"index","follow":"follow","max-snippet":"max-snippet:-1","max-image-preview":"max-image-preview:large","max-video-preview":"max-video-preview:-1"},"canonical":"https:\/\/inthesky.apartments\/en\/events\/wroclaw-miasto-jazzu-i-kultury-odkrywanie-muzycznej-sceny","og_locale":"en_GB","og_type":"article","og_title":"Wroc\u0142aw - miasto jazzu i kultury: Odkrywanie muzycznej sceny - InTheSky Apartments","og_description":"20.11.2023 &#8211; 23.11.2023 Wroc\u0142aw &#8211; stolica polskiego jazzu Wroc\u0142aw od dawna jest uwa\u017cany za wa\u017cne centrum jazzu w Polsce. Miasto go\u015bci wiele festiwali jazzowych, cykle koncert\u00f3w i inne wydarzenia muzyczne, kt\u00f3re przyci\u0105gaj\u0105 zar\u00f3wno miejscowych mieszka\u0144c\u00f3w, jak i turyst\u00f3w z ca\u0142ego kraju i zagranicy. Wroc\u0142aw jest dumny ze swojego muzycznego dziedzictwa i promuje jazz jako styl &hellip; Continue reading \"Wroc\u0142aw &#8211; miasto jazzu i kultury: Odkrywanie muzycznej sceny\"","og_url":"https:\/\/inthesky.apartments\/en\/events\/wroclaw-miasto-jazzu-i-kultury-odkrywanie-muzycznej-sceny","og_site_name":"InTheSky Apartments","article_published_time":"2025-01-30T12:48:45+00:00","og_image":[{"width":2560,"height":1707,"url":"https:\/\/inthesky.apartments\/wp-content\/uploads\/2025\/01\/1700492697.czlowiek-gra-na-saksofonie-scaled.jpg","type":"image\/jpeg"}],"author":"stronywwwpomorze","twitter_card":"summary_large_image","twitter_misc":{"Written by":"stronywwwpomorze","Estimated reading time":"4 minutes"},"schema":{"@context":"https:\/\/schema.org","@graph":[{"@type":"WebPage","@id":"https:\/\/inthesky.apartments\/wydarzenia\/wroclaw-miasto-jazzu-i-kultury-odkrywanie-muzycznej-sceny","url":"https:\/\/inthesky.apartments\/wydarzenia\/wroclaw-miasto-jazzu-i-kultury-odkrywanie-muzycznej-sceny","name":"Wroc\u0142aw - miasto jazzu i kultury: Odkrywanie muzycznej sceny - InTheSky Apartments","isPartOf":{"@id":"https:\/\/inthesky.apartments\/#website"},"primaryImageOfPage":{"@id":"https:\/\/inthesky.apartments\/wydarzenia\/wroclaw-miasto-jazzu-i-kultury-odkrywanie-muzycznej-sceny#primaryimage"},"image":{"@id":"https:\/\/inthesky.apartments\/wydarzenia\/wroclaw-miasto-jazzu-i-kultury-odkrywanie-muzycznej-sceny#primaryimage"},"thumbnailUrl":"https:\/\/inthesky.apartments\/wp-content\/uploads\/2025\/01\/1700492697.czlowiek-gra-na-saksofonie-scaled.jpg","datePublished":"2025-01-30T12:48:45+00:00","dateModified":"2025-01-30T12:48:45+00:00","author":{"@id":"https:\/\/inthesky.apartments\/#\/schema\/person\/57d8f8ed81bdbea89ecb51a463e3188c"},"breadcrumb":{"@id":"https:\/\/inthesky.apartments\/wydarzenia\/wroclaw-miasto-jazzu-i-kultury-odkrywanie-muzycznej-sceny#breadcrumb"},"inLanguage":"en-GB","potentialAction":[{"@type":"ReadAction","target":["https:\/\/inthesky.apartments\/wydarzenia\/wroclaw-miasto-jazzu-i-kultury-odkrywanie-muzycznej-sceny"]}]},{"@type":"ImageObject","inLanguage":"en-GB","@id":"https:\/\/inthesky.apartments\/wydarzenia\/wroclaw-miasto-jazzu-i-kultury-odkrywanie-muzycznej-sceny#primaryimage","url":"https:\/\/inthesky.apartments\/wp-content\/uploads\/2025\/01\/1700492697.czlowiek-gra-na-saksofonie-scaled.jpg","contentUrl":"https:\/\/inthesky.apartments\/wp-content\/uploads\/2025\/01\/1700492697.czlowiek-gra-na-saksofonie-scaled.jpg","width":2560,"height":1707},{"@type":"BreadcrumbList","@id":"https:\/\/inthesky.apartments\/wydarzenia\/wroclaw-miasto-jazzu-i-kultury-odkrywanie-muzycznej-sceny#breadcrumb","itemListElement":[{"@type":"ListItem","position":1,"name":"Strona g\u0142\u00f3wna","item":"https:\/\/inthesky.apartments\/"},{"@type":"ListItem","position":2,"name":"Wroc\u0142aw &#8211; miasto jazzu i kultury: Odkrywanie muzycznej sceny"}]},{"@type":"WebSite","@id":"https:\/\/inthesky.apartments\/#website","url":"https:\/\/inthesky.apartments\/","name":"InTheSky Apartments","description":"","potentialAction":[{"@type":"SearchAction","target":{"@type":"EntryPoint","urlTemplate":"https:\/\/inthesky.apartments\/?s={search_term_string}"},"query-input":{"@type":"PropertyValueSpecification","valueRequired":true,"valueName":"search_term_string"}}],"inLanguage":"en-GB"},{"@type":"Person","@id":"https:\/\/inthesky.apartments\/#\/schema\/person\/57d8f8ed81bdbea89ecb51a463e3188c","name":"websitewwwpomorze","image":{"@type":"ImageObject","inLanguage":"en-GB","@id":"https:\/\/inthesky.apartments\/#\/schema\/person\/image\/","url":"https:\/\/secure.gravatar.com\/avatar\/7eb278f088ff1e45104fd4ad42017f2798eeeb7a447e425795f0459af9c2cdd0?s=96&d=mm&r=g","contentUrl":"https:\/\/secure.gravatar.com\/avatar\/7eb278f088ff1e45104fd4ad42017f2798eeeb7a447e425795f0459af9c2cdd0?s=96&d=mm&r=g","caption":"stronywwwpomorze"},"sameAs":["https:\/\/inthesky.previo-demo.com.pl"],"url":"https:\/\/inthesky.apartments\/en\/wydarzenia\/author\/stronywwwpomorze"}]}},"_links":{"self":[{"href":"https:\/\/inthesky.apartments\/en\/wp-json\/wp\/v2\/posts\/1557","targetHints":{"allow":["GET"]}}],"collection":[{"href":"https:\/\/inthesky.apartments\/en\/wp-json\/wp\/v2\/posts"}],"about":[{"href":"https:\/\/inthesky.apartments\/en\/wp-json\/wp\/v2\/types\/post"}],"author":[{"embeddable":true,"href":"https:\/\/inthesky.apartments\/en\/wp-json\/wp\/v2\/users\/1"}],"replies":[{"embeddable":true,"href":"https:\/\/inthesky.apartments\/en\/wp-json\/wp\/v2\/comments?post=1557"}],"version-history":[{"count":1,"href":"https:\/\/inthesky.apartments\/en\/wp-json\/wp\/v2\/posts\/1557\/revisions"}],"predecessor-version":[{"id":1559,"href":"https:\/\/inthesky.apartments\/en\/wp-json\/wp\/v2\/posts\/1557\/revisions\/1559"}],"wp:featuredmedia":[{"embeddable":true,"href":"https:\/\/inthesky.apartments\/en\/wp-json\/wp\/v2\/media\/1558"}],"wp:attachment":[{"href":"https:\/\/inthesky.apartments\/en\/wp-json\/wp\/v2\/media?parent=1557"}],"wp:term":[{"taxonomy":"category","embeddable":true,"href":"https:\/\/inthesky.apartments\/en\/wp-json\/wp\/v2\/categories?post=1557"},{"taxonomy":"post_tag","embeddable":true,"href":"https:\/\/inthesky.apartments\/en\/wp-json\/wp\/v2\/tags?post=1557"}],"curies":[{"name":"wp","href":"https:\/\/api.w.org\/{rel}","templated":true}]}}